{"id":70786,"date":"2019-12-20T05:15:00","date_gmt":"2019-12-20T10:15:00","guid":{"rendered":"https:\/\/linitiative.ca\/International\/fes-tient-son-salon-national-de-la-poterie-et-du-zellige\/"},"modified":"2019-12-20T05:15:00","modified_gmt":"2019-12-20T10:15:00","slug":"fes-tient-son-salon-national-de-la-poterie-et-du-zellige","status":"publish","type":"post","link":"https:\/\/linitiative.ca\/International\/fes-tient-son-salon-national-de-la-poterie-et-du-zellige\/","title":{"rendered":"F\u00e8s tient son salon national de la poterie  et du zellige"},"content":{"rendered":"<div class=\"dnd-atom-wrapper type-image context-sdl_editor_representation\" contenteditable=\"false\" readability=\"33.5\">\n<div class=\"dnd-drop-wrapper image\"><img loading=\"lazy\" decoding=\"async\" typeof=\"foaf:Image\" class=\"img-responsive\" src=\"https:\/\/leconomiste.com\/sites\/default\/files\/eco7\/public\/thumbnails\/image\/poterie-058.jpg\" width=\"660\" height=\"330\" alt=\"poterie-058.jpg\" title=\"poterie-058.jpg\"\/><\/div>\n<\/div>\n<p class=\"rtejustify\">Apr\u00e8s la r\u00e9ussite des salons du cuir, des m\u00e9taux et du bois, la Chambre de l\u2019artisanat de la r\u00e9gion F\u00e8s-Mekn\u00e8s pr\u00e9pare un nouvel \u00e9v\u00e9nement d\u2019envergure \u00abnationale\u00bb. Il s\u2019agit du Salon national de la poterie et du zellige artisanal (Snpz).<\/p>\n<p class=\"rtejustify\">Pr\u00e9vue du 20 au 29 d\u00e9cembre, cette manifestation est initi\u00e9e sous le th\u00e8me: \u00abLa fili\u00e8re de la poterie et du zellige artisanal, une contribution ind\u00e9niable \u00e0 l\u2019\u00e9cosyst\u00e8me national\u00bb. Install\u00e9 au quartier Champs de courses, \u00e0 F\u00e8s, sur une superficie de 4.000 m2, le Snpz vise \u00e0 valoriser le savoir-faire des artisans op\u00e9rant dans les domaines de la poterie et du zellige.<\/p>\n<p class=\"rtejustify\">\u00abNotre but est de faire conna\u00eetre ces m\u00e9tiers au public, promouvoir la commercialisation des produits d\u2019artisanat et l\u2019\u00e9change d\u2019id\u00e9es et d\u2019exp\u00e9riences entre les professionnels de la fili\u00e8re\u00bb, a indiqu\u00e9 Abdelmalek Bouteyine, pr\u00e9sident de la Chambre de l\u2019artisanat de F\u00e8s-Mekn\u00e8s.<\/p>\n<p class=\"rtejustify\">Dot\u00e9 d\u2019un budget de plus de 2 millions de DH, ce Salon s\u2019\u00e9tend sur une superficie de 4.000 m2. \u00abY participent 120 exposants professionnels, dont des artisans, des petites et moyennes entreprises, des coop\u00e9ratives professionnelles et des acteurs sp\u00e9cialis\u00e9s dans les \u00e9quipements de travail de la poterie et du zellige artisanal\u00bb, explique le pr\u00e9sident de la Chambre.<\/p>\n<p class=\"rtejustify\">Pour lui, \u00able Snpz sera \u00e9galement une occasion pour sensibiliser les artisans sur les d\u00e9fis environnementaux li\u00e9s \u00e0 l\u2019exploitation de l\u2019argile\u00bb. Au menu \u00e9galement, des s\u00e9ances de formation seront initi\u00e9es en faveur des artisans afin d\u2019am\u00e9liorer leurs capacit\u00e9s et \u00e9largir leurs connaissances dans le domaine.<\/p>\n<p class=\"rtejustify\">Signalons que ce salon 2019 rendra hommage aux meilleurs ma\u00eetres-artisans qui ont laiss\u00e9 une empreinte dans le domaine de la poterie et du zellige. R\u00e9put\u00e9 de qualit\u00e9 sup\u00e9rieure, ce dernier se vend bien au Maroc et un peu partout dans le monde. \u00abCe succ\u00e8s est d\u00fb \u00e0 \u00abl\u2019input\u00bb et particuli\u00e8rement \u00e0 l\u2019argile de F\u00e8s qui, color\u00e9 en bleu, donne un produit unique en son genre\u00bb, affirme Bouteyine.<\/p>\n<p class=\"rtejustify\">M\u00eame son de cloche aupr\u00e8s de Abderrahim Belkhayat, directeur r\u00e9gional de l\u2019artisanat, pour qui \u00able salon vise \u00e0 redynamiser le secteur de l\u2019artisanat, le propulser et cr\u00e9er un march\u00e9 local \u00e0 fort impact\u00bb. A noter que plus de 79 artisans potiers et zelligeurs de F\u00e8s ont certifi\u00e9 leurs produits par les labels \u00abMadmoun\u00bb, \u00abPoterie de F\u00e8s\u00bb et \u00abZellige de F\u00e8s\u00bb. Gr\u00e2ce \u00e0 ces certifications, leur chiffre d\u2019affaires s\u2019\u00e9tablit \u00e0 1,2 milliard de DH, dont 40,6 millions de DH \u00e0 l\u2019export.<\/p>\n<p class=\"rtejustify\">Ce 16 d\u00e9cembre 2019, le chantier d\u2019am\u00e9nagement du Snpz battait son plein. A quatre jours de cette premi\u00e8re \u00e9dition, les ouvriers mettaient les bouch\u00e9es doubles pour livrer les chapiteaux dans les temps. Ici, l\u2019on notera la construction de plusieurs espaces de ventes et d\u2019expositions, dont un espace pour les produits d\u2019antiquit\u00e9, un autre pour les produits des laur\u00e9ats des centres de formation de l\u2019artisanat, un espace de design et de d\u00e9monstration, et un autre d\u00e9di\u00e9 aux \u00e9quipements techniques en relation avec la fabrication des produits en poterie et en c\u00e9ramique.<\/p>\n<p class=\"rtejustify\">Rappelons enfin que le plan strat\u00e9gique de la Chambre de l\u2019artisanat a plac\u00e9 parmi ses objectifs l\u2019organisation de quatre salons th\u00e9matiques d\u00e9di\u00e9s aux produits de la maroquinerie, de la dinanderie et ceux du zellige et de la poterie. Deux nouveaux salons d\u00e9di\u00e9s notamment au textile et \u00e0 l\u2019artisanat issu de produits v\u00e9g\u00e9taux verront le jour en 2020.<\/p>\n<p class=\"rtejustify\"><em>De notre correspondant permanent, Youness SAAD ALAMI<\/em><\/p>\n<p>Auteur: hlafriqi<br \/>\n<a href=\"https:\/\/www.leconomiste.com\/article\/1054744-fes-tient-son-salon-national-de-la-poterie-et-du-zellige\">Cliquez ici pour lire l&rsquo;article depuis sa source.<\/a><\/p>\n","protected":false},"excerpt":{"rendered":"<p>Apr\u00e8s la r\u00e9ussite des salons du cuir, des m\u00e9taux et du bois, la Chambre de l\u2019artisanat de la r\u00e9gion F\u00e8s-Mekn\u00e8s pr\u00e9pare un nouvel \u00e9v\u00e9nement d\u2019envergure \u00abnationale\u00bb. Il s\u2019agit du Salon national de la poterie et du zellige artisanal (Snpz). Pr\u00e9vue du 20 au 29 d\u00e9cembre, cette manifestation est initi\u00e9e sous le th\u00e8me: \u00abLa fili\u00e8re de [&hellip;]<\/p>\n","protected":false},"author":1763,"featured_media":70787,"comment_status":"closed","ping_status":"closed","sticky":false,"template":"","format":"standard","meta":{"fifu_image_url":"","fifu_image_alt":"","footnotes":""},"categories":[78,54],"tags":[],"class_list":["post-70786","post","type-post","status-publish","format-standard","has-post-thumbnail","hentry","category-economie","category-maroc"],"_links":{"self":[{"href":"https:\/\/linitiative.ca\/International\/wp-json\/wp\/v2\/posts\/70786","targetHints":{"allow":["GET"]}}],"collection":[{"href":"https:\/\/linitiative.ca\/International\/wp-json\/wp\/v2\/posts"}],"about":[{"href":"https:\/\/linitiative.ca\/International\/wp-json\/wp\/v2\/types\/post"}],"author":[{"embeddable":true,"href":"https:\/\/linitiative.ca\/International\/wp-json\/wp\/v2\/users\/1763"}],"replies":[{"embeddable":true,"href":"https:\/\/linitiative.ca\/International\/wp-json\/wp\/v2\/comments?post=70786"}],"version-history":[{"count":0,"href":"https:\/\/linitiative.ca\/International\/wp-json\/wp\/v2\/posts\/70786\/revisions"}],"wp:featuredmedia":[{"embeddable":true,"href":"https:\/\/linitiative.ca\/International\/wp-json\/"}],"wp:attachment":[{"href":"https:\/\/linitiative.ca\/International\/wp-json\/wp\/v2\/media?parent=70786"}],"wp:term":[{"taxonomy":"category","embeddable":true,"href":"https:\/\/linitiative.ca\/International\/wp-json\/wp\/v2\/categories?post=70786"},{"taxonomy":"post_tag","embeddable":true,"href":"https:\/\/linitiative.ca\/International\/wp-json\/wp\/v2\/tags?post=70786"}],"curies":[{"name":"wp","href":"https:\/\/api.w.org\/{rel}","templated":true}]}}