{"id":70788,"date":"2019-12-20T05:30:00","date_gmt":"2019-12-20T10:30:00","guid":{"rendered":"https:\/\/linitiative.ca\/International\/nouveaux-modeles-de-developpement-le-debrief-de-benmoussa\/"},"modified":"2019-12-20T05:30:00","modified_gmt":"2019-12-20T10:30:00","slug":"nouveaux-modeles-de-developpement-le-debrief-de-benmoussa","status":"publish","type":"post","link":"https:\/\/linitiative.ca\/International\/nouveaux-modeles-de-developpement-le-debrief-de-benmoussa\/","title":{"rendered":"Nouveaux mod\u00e8les de d\u00e9veloppement: Le d\u00e9brief de Benmoussa"},"content":{"rendered":"<div class=\"dnd-atom-wrapper type-image context-sdl_editor_representation atom-align-right\" contenteditable=\"false\">\n<div class=\"dnd-drop-wrapper image\"><img loading=\"lazy\" decoding=\"async\" typeof=\"foaf:Image\" class=\"img-responsive\" src=\"https:\/\/www.leconomiste.com\/sites\/default\/files\/eco7\/public\/thumbnails\/image\/benmossa-058.jpg\" width=\"276\" height=\"340\" alt=\"benmossa-058.jpg\" title=\"benmossa-058.jpg\"\/><\/div>\n<\/div>\n<p class=\"rtejustify\">L\u2019article relatif \u00e0 la Commission sp\u00e9ciale pour le nouveau mod\u00e8le de d\u00e9veloppement intitul\u00e9 \u00abLes bons messages de Benmoussa\u00bb <a href=\"https:\/\/leconomiste.com\/archive\/edition\/5651\" target=\"_blank\" rel=\"noopener noreferrer\"><span class=\"c4\"><strong><em>(cf. notre \u00e9dition du 10 d\u00e9cembre)<\/em><\/strong><\/span><\/a> a suscit\u00e9 de nombreuses r\u00e9actions. Aper\u00e7u\u2026<\/p>\n<p class=\"rtejustify\"><strong>\u25a0 Poser des questions simples et strat\u00e9giques au citoyen<\/strong><br \/>Si le citoyen est effectivement au centre des pr\u00e9occupations des d\u00e9cideurs, les questions le concernant devraient \u00eatre pos\u00e9es de la mani\u00e8re la plus simple et coh\u00e9rente possible! Il faudrait par exemple demander \u00e0 ce dernier ce qui le motiverait \u00e0 faire de son mieux dans son domaine pour participer au d\u00e9veloppement du pays ou encore les besoins fondamentaux que la nation devrait garantir pour \u00e9viter la fuite des cerveaux et l\u2019immigration \u00e0 l\u2019\u00e9tranger. La commission devrait collecter le maximum d\u2019id\u00e9es via un site web d\u00e9di\u00e9. De ce fait, les r\u00e9ponses fournies seraient alors analys\u00e9es par des sp\u00e9cialistes de la question.<\/p>\n<p class=\"rtejustify\"><em>Para_Dox \u00a0<\/em><\/p>\n<p class=\"rtejustify\"><strong>\u25a0 Le syst\u00e8me fran\u00e7ais \u00e0 suivre de tr\u00e8s pr\u00e8s<\/strong><br \/>Le syst\u00e8me fran\u00e7ais fonctionne particuli\u00e8rement bien. La France constitue en effet l\u2019un des pays les plus riches de la plan\u00e8te, affichant un taux d\u2019alphab\u00e9tisation de pr\u00e8s de 100%! Une nation d\u00e9velopp\u00e9e qui excelle dans des domaines \u00e0 la pointe des technologies comme l\u2019impression 3D, le nucl\u00e9aire ou encore l\u2019a\u00e9ronautique. Ses \u00e9coles d\u2019ing\u00e9nierie et de commerce produisent de l\u2019excellence. Sans parler de son syst\u00e8me de sant\u00e9 couvrant l\u2019ensemble de la population et consid\u00e9r\u00e9 comme l\u2019un des meilleurs au monde\u2026 Enfin, politiquement parlant, sa d\u00e9mocratie fait \u00e9tat de beaucoup de transparence. Un mod\u00e8le \u00e0 suivre de tr\u00e8s pr\u00e8s\u2026\u00a0<\/p>\n<p class=\"rtejustify\"><em>Walid Amri<\/em><\/p>\n<p class=\"rtejustify\"><strong>\u25a0 Les v\u00e9ritables questions \u00e0 poser!<\/strong><br \/>Qui peut nous garantir que cet \u00e9ni\u00e8me rapport ne viendra pas s&rsquo;ajouter \u00e0 la liste des nombreux autres qui n\u2019ont eu aucun impact r\u00e9el sur notre quotidien? Pour rappel, nous avions vot\u00e9 il y a de cela huit ans pour\u00a0 une nouvelle constitution qui n\u2019a quasiment pas \u00e9t\u00e9 appliqu\u00e9e sur le terrain \u00e0 l\u2019exception de quelques rares articles\u2026 Evitons par ailleurs d\u2019\u00e9riger des indicateurs \u00e9conomiques comme objectifs de d\u00e9veloppement. A la place, il est mille fois pr\u00e9f\u00e9rable de s\u2019interroger sur les ambitions entretenues \u00e0 l\u2019\u00e9gard de notre pays. Enfin, affranchissons-nous du syst\u00e8me fran\u00e7ais et \u00e9largissons notre champ de pens\u00e9e\u2026<br \/><em>M.L.Z .<\/em><\/p>\n<div class=\"dnd-atom-wrapper type-image context-sdl_editor_representation\" contenteditable=\"false\">\n<div class=\"dnd-drop-wrapper image\"><img loading=\"lazy\" decoding=\"async\" typeof=\"foaf:Image\" class=\"img-responsive\" src=\"https:\/\/www.leconomiste.com\/sites\/default\/files\/eco7\/public\/thumbnails\/image\/cari-insolite-058.jpg\" width=\"660\" height=\"330\" alt=\"cari-insolite-058.jpg\" title=\"cari-insolite-058.jpg\"\/><\/div>\n<\/div>\n<p class=\"rtecenter\"><strong><u>\u00a0\u00a0\u00a0\u00a0\u00a0\u00a0\u00a0\u00a0\u00a0\u00a0\u00a0\u00a0\u00a0\u00a0\u00a0\u00a0\u00a0\u00a0\u00a0\u00a0\u00a0\u00a0\u00a0\u00a0\u00a0\u00a0\u00a0\u00a0\u00a0\u00a0\u00a0\u00a0\u00a0\u00a0\u00a0\u00a0\u00a0\u00a0\u00a0\u00a0\u00a0\u00a0\u00a0\u00a0\u00a0\u00a0\u00a0\u00a0\u00a0\u00a0\u00a0\u00a0\u00a0\u00a0\u00a0\u00a0\u00a0\u00a0\u00a0\u00a0\u00a0\u00a0\u00a0\u00a0\u00a0\u00a0\u00a0\u00a0\u00a0\u00a0\u00a0\u00a0\u00a0\u00a0\u00a0\u00a0\u00a0\u00a0\u00a0\u00a0\u00a0\u00a0<\/u><\/strong><\/p>\n<p class=\"rtecenter\"><strong>Tenanciers de bars: La hausse des taxes \u00e9vit\u00e9e de justesse<\/strong><\/p>\n<div class=\"dnd-atom-wrapper type-image context-sdl_editor_representation\" contenteditable=\"false\">\n<div class=\"dnd-drop-wrapper image\"><img loading=\"lazy\" decoding=\"async\" typeof=\"foaf:Image\" class=\"img-responsive\" src=\"https:\/\/www.leconomiste.com\/sites\/default\/files\/eco7\/public\/thumbnails\/image\/bars-058.jpg\" width=\"660\" height=\"330\" alt=\"bars-058.jpg\" title=\"bars-058.jpg\"\/><\/div>\n<\/div>\n<p class=\"rtejustify\">Les tenanciers de bars viennent d\u2019\u00e9viter de justesse une hausse des taxes support\u00e9es par leur activit\u00e9. Ainsi, la TVA pour le secteur est toujours fix\u00e9e \u00e0 20% tandis que la TIC ne d\u00e9passe pas 900 DH par hectolitre. Au grand dam de nos lecteurs pour lesquels cette situation ne peut plus durer\u2026 <a href=\"https:\/\/leconomiste.com\/archive\/edition\/5654\" target=\"_blank\" rel=\"noopener noreferrer\"><span class=\"c4\"><strong><em>(cf. notre \u00e9dition du 13 \/12 \/2019)\u00a0\u00a0<\/em><\/strong><\/span><\/a><\/p>\n<p><strong>\u25a0 Seule la concurrence peut changer la donne!<\/strong><br \/>Seule la concurrence peut tourner en faveur des consommateurs dans ce domaine. Une r\u00e8gle valable partout dans le monde, autant pour les petits que pour les gros commerces! Les produits contr\u00f4l\u00e9s &#8211; dont les boissons \u00e0 base d&rsquo;alcool font partie &#8211;\u00a0 peuvent m\u00eame cr\u00e9er une rente de situation dans certains cas.<\/p>\n<p>Ily<\/p>\n<p><strong>\u25a0 Un coup d\u2019\u00e9p\u00e9e dans l\u2019eau<\/strong><br \/>Quand les caf\u00e9s ont chang\u00e9 la marque des bouteilles d&rsquo;eau suite au boycott &#8211; qui est d\u2019ailleurs une grossi\u00e8re erreur \u00e0 mon avis &#8211;\u00a0 ont-ils baiss\u00e9 les prix? Absolument pas! Et bien la m\u00eame situation se produira avec la baisse de la TVA.<\/p>\n<p><em>Ali<\/em><\/p>\n<p class=\"rtecenter\"><strong><u>\u00a0\u00a0\u00a0\u00a0\u00a0\u00a0\u00a0\u00a0\u00a0\u00a0\u00a0\u00a0\u00a0\u00a0\u00a0\u00a0\u00a0\u00a0\u00a0\u00a0\u00a0\u00a0\u00a0\u00a0\u00a0\u00a0\u00a0\u00a0\u00a0\u00a0\u00a0\u00a0\u00a0\u00a0\u00a0\u00a0\u00a0\u00a0\u00a0\u00a0\u00a0\u00a0\u00a0\u00a0\u00a0\u00a0\u00a0\u00a0\u00a0\u00a0\u00a0\u00a0\u00a0\u00a0\u00a0\u00a0\u00a0\u00a0\u00a0\u00a0\u00a0\u00a0\u00a0\u00a0\u00a0\u00a0\u00a0\u00a0\u00a0\u00a0\u00a0\u00a0\u00a0\u00a0\u00a0\u00a0\u00a0\u00a0\u00a0\u00a0\u00a0\u00a0<\/u><\/strong><\/p>\n<p class=\"rtecenter\"><strong>Casablanca: Des places de parking vendues \u00e0 prix d\u2019or!<\/strong><\/p>\n<div class=\"dnd-atom-wrapper type-image context-sdl_editor_representation\" contenteditable=\"false\">\n<div class=\"dnd-drop-wrapper image\"><img loading=\"lazy\" decoding=\"async\" typeof=\"foaf:Image\" class=\"img-responsive\" src=\"https:\/\/www.leconomiste.com\/sites\/default\/files\/eco7\/public\/thumbnails\/image\/casablanca-parking-058.jpg\" width=\"660\" height=\"330\" alt=\"casablanca-parking-058.jpg\" title=\"casablanca-parking-058.jpg\"\/><\/div>\n<\/div>\n<p class=\"rtejustify\">L\u2019offre de stationnement souterrain s\u2019est enrichie \u00e0 Casablanca. Plusieurs nouveaux parkings, dont notamment celui situ\u00e9 sous la fontaine en face du si\u00e8ge de la wilaya Casa-Settat, sont d\u00e9j\u00e0 ouverts au public. N\u00e9anmoins, leurs tarifs sont jug\u00e9s excessifs par nos lecteurs\u2026 <a href=\"https:\/\/leconomiste.com\/archive\/edition\/5651\" target=\"_blank\" rel=\"noopener noreferrer\"><span class=\"c4\"><strong><em>(cf. notre \u00e9dition du 10 \/12 \/2019)\u00a0\u00a0<\/em><\/strong><\/span><\/a><\/p>\n<p class=\"rtejustify\"><strong>\u25a0 Des subventions indirectes!<\/strong><br \/>Ces places de parking ne repr\u00e9sentent rien d&rsquo;autre que des subventions indirectes aux utilisateurs et aux vendeurs de voitures ainsi qu\u2019aux assurances fournissant les cr\u00e9dits auto. Pour le plus grand plaisir des banquiers et distributeurs d&rsquo;essence\u2026 A la place, il faudrait instaurer un r\u00e9el syst\u00e8me de transport qui soit synonyme de \u00abqualit\u00e9\u00bb!<\/p>\n<p class=\"rtejustify\"><em>\u00a0Walid Amrani<\/em><\/p>\n<p class=\"rtejustify\"><strong>\u25a0 Un manque flagrant de notori\u00e9t\u00e9 \u00a0<\/strong><br \/>Ce qui me surprend, c&rsquo;est que ces parkings soient ouverts sans m\u00eame que la majeure partie des Casablancais n\u2019en ait connaissance. Pour ce qui est des prix, bon nombre de personnes crient au sandale. N\u00e9anmoins, gardons espoir! Qui se rappelle de l\u2019ouverture du parking en face du si\u00e8ge de la CDG \u00e0 Rabat. Un ouvrage \u00e0 l\u2019\u00e9poque particuli\u00e8rement boud\u00e9 par les automobilistes pour des raisons similaires. Aujourd\u2019hui, impossible d\u2019y trouver une place en heures de pointe!<\/p>\n<p class=\"rtejustify\"><em>Simo<\/em><\/p>\n<p class=\"rtejustify\"><strong>\u25a0 Les prix \u00e0 revoir<\/strong><br \/>La commune de Casablanca souhaite offrir un meilleur service que celui des gardiens de voiture, mais impose en revanche des prix exorbitants. Leur r\u00e9vision doit rapidement \u00eatre \u00e9tudi\u00e9e en impliquant davantage l&rsquo;usager\u2026<\/p>\n<p class=\"rtejustify\"><em>\u00a0Saad Faouzi<\/em><\/p>\n<p class=\"rtejustify\">\u00a0<\/p>\n<p class=\"rtejustify\">\u00a0<\/p>\n<p>Auteur: hlafriqi<br \/>\n<a href=\"https:\/\/www.leconomiste.com\/article\/1054747-nouveaux-modeles-de-developpement-le-debrief-de-benmoussa\">Cliquez ici pour lire l&rsquo;article depuis sa source.<\/a><\/p>\n","protected":false},"excerpt":{"rendered":"<p>L\u2019article relatif \u00e0 la Commission sp\u00e9ciale pour le nouveau mod\u00e8le de d\u00e9veloppement intitul\u00e9 \u00abLes bons messages de Benmoussa\u00bb (cf. notre \u00e9dition du 10 d\u00e9cembre) a suscit\u00e9 de nombreuses r\u00e9actions. Aper\u00e7u\u2026 \u25a0 Poser des questions simples et strat\u00e9giques au citoyenSi le citoyen est effectivement au centre des pr\u00e9occupations des d\u00e9cideurs, les questions le concernant devraient \u00eatre [&hellip;]<\/p>\n","protected":false},"author":1763,"featured_media":70789,"comment_status":"closed","ping_status":"closed","sticky":false,"template":"","format":"standard","meta":{"fifu_image_url":"","fifu_image_alt":"","footnotes":""},"categories":[78,54],"tags":[],"class_list":["post-70788","post","type-post","status-publish","format-standard","has-post-thumbnail","hentry","category-economie","category-maroc"],"_links":{"self":[{"href":"https:\/\/linitiative.ca\/International\/wp-json\/wp\/v2\/posts\/70788","targetHints":{"allow":["GET"]}}],"collection":[{"href":"https:\/\/linitiative.ca\/International\/wp-json\/wp\/v2\/posts"}],"about":[{"href":"https:\/\/linitiative.ca\/International\/wp-json\/wp\/v2\/types\/post"}],"author":[{"embeddable":true,"href":"https:\/\/linitiative.ca\/International\/wp-json\/wp\/v2\/users\/1763"}],"replies":[{"embeddable":true,"href":"https:\/\/linitiative.ca\/International\/wp-json\/wp\/v2\/comments?post=70788"}],"version-history":[{"count":0,"href":"https:\/\/linitiative.ca\/International\/wp-json\/wp\/v2\/posts\/70788\/revisions"}],"wp:featuredmedia":[{"embeddable":true,"href":"https:\/\/linitiative.ca\/International\/wp-json\/"}],"wp:attachment":[{"href":"https:\/\/linitiative.ca\/International\/wp-json\/wp\/v2\/media?parent=70788"}],"wp:term":[{"taxonomy":"category","embeddable":true,"href":"https:\/\/linitiative.ca\/International\/wp-json\/wp\/v2\/categories?post=70788"},{"taxonomy":"post_tag","embeddable":true,"href":"https:\/\/linitiative.ca\/International\/wp-json\/wp\/v2\/tags?post=70788"}],"curies":[{"name":"wp","href":"https:\/\/api.w.org\/{rel}","templated":true}]}}