{"id":70792,"date":"2019-12-20T06:00:00","date_gmt":"2019-12-20T11:00:00","guid":{"rendered":"https:\/\/linitiative.ca\/International\/france-reforme-des-retraites-promesses-pour-noel\/"},"modified":"2019-12-20T06:00:00","modified_gmt":"2019-12-20T11:00:00","slug":"france-reforme-des-retraites-promesses-pour-noel","status":"publish","type":"post","link":"https:\/\/linitiative.ca\/International\/france-reforme-des-retraites-promesses-pour-noel\/","title":{"rendered":"France\/R\u00e9forme des retraites: Promesses pour No\u00ebl"},"content":{"rendered":"<div readability=\"34\">\n<p>Le gouvernement s\u2019est dit dispos\u00e9 \u00e0 am\u00e9liorer le projet<\/p>\n<p>De nouvelles discussions pour apaiser les tensions<\/p>\n<\/div>\n<div readability=\"86\">\n<div class=\"dnd-atom-wrapper type-image context-sdl_editor_representation\" contenteditable=\"false\">\n<div class=\"dnd-drop-wrapper image\"><img loading=\"lazy\" decoding=\"async\" typeof=\"foaf:Image\" class=\"img-responsive\" src=\"https:\/\/leconomiste.com\/sites\/default\/files\/eco7\/public\/thumbnails\/image\/france-retraites-058.jpg\" width=\"800\" height=\"560\" alt=\"france-retraites-058.jpg\" title=\"france-retraites-058.jpg\"\/><\/div>\n<\/div>\n<p class=\"rtejustify\">Au moment o\u00f9 la gr\u00e8ve menace de d\u00e9border sur les vacances de No\u00ebl, le pr\u00e9sident fran\u00e7ais Emmanuel Macron s\u2019est dit dispos\u00e9 \u00e0 am\u00e9liorer le projet de r\u00e9forme des retraites. Le sujet \u00e9tait au centre de nouvelles discussions, hier mercredi, entre les partenaires sociaux, le Premier ministre Edouard Philippe\u00a0 et le nouveau \u00abM. Retraites\u00bb du gouvernement, Laurent Pietraszewski. Objectif: trouver une sortie \u00e0 cette crise qui paralyse largement les transports publics, notamment en r\u00e9gion parisienne, comme le relate la presse fran\u00e7aise.<\/p>\n<p class=\"rtejustify\">\u00abLe pr\u00e9sident fran\u00e7ais n\u2019abandonnera pas le projet contest\u00e9 mais il est dispos\u00e9 \u00e0 l\u2019am\u00e9liorer, par le truchement des discussions avec les syndicats\u00bb, a expliqu\u00e9 la pr\u00e9sidence, en laissant entrevoir des avanc\u00e9es d\u2019ici la fin de la semaine.<\/p>\n<p class=\"rtejustify\">Emmanuel Macron s\u2019est notamment fix\u00e9 pour objectif d\u2019obtenir une pause de la mobilisation pendant les f\u00eates de fin d\u2019ann\u00e9e qui donnent traditionnellement lieu \u00e0 de nombreux d\u00e9placements familiaux. Les syndicats aux avant-postes de la contestation ont pour l\u2019instant affirm\u00e9 leur volont\u00e9 de poursuivre le mouvement, sans marquer de \u00abtr\u00eave\u00bb pendant les cong\u00e9s de No\u00ebl, qui d\u00e9butent vendredi.<\/p>\n<p class=\"rtejustify\">Le compromis envisag\u00e9 par le pr\u00e9sident concernerait \u00abune am\u00e9lioration possible autour de l\u2019\u00e2ge pivot, pour l\u2019instant pr\u00e9vu \u00e0 64 ans \u00e0 partir de 2027, afin d\u2019\u00e9quilibrer financi\u00e8rement le syst\u00e8me\u00bb. Les salari\u00e9s prenant leur retraite avant cet \u00e2ge subiraient une d\u00e9cote, ceux partant plus tard percevant au contraire un bonus.<\/p>\n<p class=\"rtejustify\">C\u2019est l\u2019annonce de cette mesure \u00abinacceptable\u00bb pour l\u2019ensemble des syndicats qui avait fait basculer la CFDT (syndicat fran\u00e7ais, consid\u00e9r\u00e9 comme r\u00e9formiste) dans le camp des opposants \u00e0 un projet dont il soutenait pourtant le principe.<\/p>\n<p class=\"rtejustify\">Apr\u00e8s les partenaires sociaux, Edouard Philippe doit recevoir jeudi les dirigeants de la RATP (transports parisiens) et de la SNCF (trains).Le temps presse. Se d\u00e9placer restait un d\u00e9fi mercredi, en particulier en r\u00e9gion parisienne. Huit lignes de m\u00e9tro restaient ferm\u00e9es \u00e0 Paris et seul un train sur trois ou quatre circulait dans l\u2019ensemble du pays.<\/p>\n<p class=\"rtejustify\">Si une majorit\u00e9 de Fran\u00e7ais soutient le mouvement, selon les sondages, de nombreux usagers des transports publics expriment leur lassitude. \u00abIl est temps de mettre un terme aux blocages\u00bb, a sollicit\u00e9 le Medef, organisation patronale, dans une lettre \u00e0 ses adh\u00e9rents tenaill\u00e9s par l\u2019inqui\u00e9tude d\u2019une fin d\u2019ann\u00e9e dans le rouge.<\/p>\n<p class=\"rtejustify\"><em>F. Z. T. avec agences<\/em><\/p>\n<p class=\"rtejustify\">\u00a0<\/p>\n<\/div>\n<p>Auteur: hlafriqi<br \/>\n<a href=\"https:\/\/www.leconomiste.com\/article\/1054749-france-reforme-des-retraites-promesses-pour-noel\">Cliquez ici pour lire l&rsquo;article depuis sa source.<\/a><\/p>\n","protected":false},"excerpt":{"rendered":"<p>Le gouvernement s\u2019est dit dispos\u00e9 \u00e0 am\u00e9liorer le projet De nouvelles discussions pour apaiser les tensions Au moment o\u00f9 la gr\u00e8ve menace de d\u00e9border sur les vacances de No\u00ebl, le pr\u00e9sident fran\u00e7ais Emmanuel Macron s\u2019est dit dispos\u00e9 \u00e0 am\u00e9liorer le projet de r\u00e9forme des retraites. Le sujet \u00e9tait au centre de nouvelles discussions, hier mercredi, [&hellip;]<\/p>\n","protected":false},"author":1763,"featured_media":70793,"comment_status":"closed","ping_status":"closed","sticky":false,"template":"","format":"standard","meta":{"fifu_image_url":"","fifu_image_alt":"","footnotes":""},"categories":[78,54],"tags":[],"class_list":["post-70792","post","type-post","status-publish","format-standard","has-post-thumbnail","hentry","category-economie","category-maroc"],"_links":{"self":[{"href":"https:\/\/linitiative.ca\/International\/wp-json\/wp\/v2\/posts\/70792","targetHints":{"allow":["GET"]}}],"collection":[{"href":"https:\/\/linitiative.ca\/International\/wp-json\/wp\/v2\/posts"}],"about":[{"href":"https:\/\/linitiative.ca\/International\/wp-json\/wp\/v2\/types\/post"}],"author":[{"embeddable":true,"href":"https:\/\/linitiative.ca\/International\/wp-json\/wp\/v2\/users\/1763"}],"replies":[{"embeddable":true,"href":"https:\/\/linitiative.ca\/International\/wp-json\/wp\/v2\/comments?post=70792"}],"version-history":[{"count":0,"href":"https:\/\/linitiative.ca\/International\/wp-json\/wp\/v2\/posts\/70792\/revisions"}],"wp:featuredmedia":[{"embeddable":true,"href":"https:\/\/linitiative.ca\/International\/wp-json\/"}],"wp:attachment":[{"href":"https:\/\/linitiative.ca\/International\/wp-json\/wp\/v2\/media?parent=70792"}],"wp:term":[{"taxonomy":"category","embeddable":true,"href":"https:\/\/linitiative.ca\/International\/wp-json\/wp\/v2\/categories?post=70792"},{"taxonomy":"post_tag","embeddable":true,"href":"https:\/\/linitiative.ca\/International\/wp-json\/wp\/v2\/tags?post=70792"}],"curies":[{"name":"wp","href":"https:\/\/api.w.org\/{rel}","templated":true}]}}