{"id":70794,"date":"2019-12-20T15:14:07","date_gmt":"2019-12-20T20:14:07","guid":{"rendered":"https:\/\/linitiative.ca\/International\/equipe-dalgerie-mahrez-nous-avons-une-grande-equipe-nationale-et-un-grand-selectionneur\/"},"modified":"2019-12-20T15:14:07","modified_gmt":"2019-12-20T20:14:07","slug":"equipe-dalgerie-mahrez-nous-avons-une-grande-equipe-nationale-et-un-grand-selectionneur","status":"publish","type":"post","link":"https:\/\/linitiative.ca\/International\/equipe-dalgerie-mahrez-nous-avons-une-grande-equipe-nationale-et-un-grand-selectionneur\/","title":{"rendered":"Equipe d&rsquo;Alg\u00e9rie : Mahrez: \u00abNous avons une grande \u00e9quipe nationale et un grand s\u00e9lectionneur\u00bb"},"content":{"rendered":"<div readability=\"32\">\n<p>Auteur : <span>Riad O.<\/span> <span class=\"time\">vendredi 20 d\u00e9cembre 2019 15:07<\/span><\/p>\n<\/div>\n<div id=\"post_core\" readability=\"37\">\n<p>Evoquant sa cons\u00e9cration avec l\u2019EN \u00e0 la CAN en Egypte, Riyad Mahrez a d\u00e9clar\u00e9 : \u00abBien sur que je suis tr\u00e8s heureux d\u2019avoir remport\u00e9 la CAN avec l\u2019\u00e9quipe d\u2019Alg\u00e9rie. Nous avons tout donn\u00e9 pour remporter cette CAN. Je suis tr\u00e8s fier d\u2019\u00eatre le capitaine de l\u2019\u00e9quipe Alg\u00e9rienne. C\u2019est mon pays, et je suis tr\u00e8s heureux de porter le maillot de l\u2019\u00e9quipe Alg\u00e9rienne. Nous avons une grande \u00e9quipe et un grand entra\u00eeneur.\u00bb a-t-il d\u00e9clar\u00e9 \u00e0 la presse anglaise.<\/p>\n<p><strong>Publi\u00e9 dans :<\/strong> <span>Mahrez<\/span><\/p>\n<\/div>\n<p>Auteur:<br \/>\n<a href=\"http:\/\/www.lebuteur.com\/article\/detail?titre=mahrez-nous-avons-une-grande-equipe-nationale-et-un-grand-selectionneur&#038;id=93697&#038;utm_source=feedburner&#038;utm_medium=feed&#038;utm_campaign=Feed%3A+GalerieFArtciles+%28Les+derniers+articles++-+lebuteur.com%29\">Cliquez ici pour lire l&rsquo;article depuis sa source.<\/a><\/p>\n","protected":false},"excerpt":{"rendered":"<p>Auteur : Riad O. vendredi 20 d\u00e9cembre 2019 15:07 Evoquant sa cons\u00e9cration avec l\u2019EN \u00e0 la CAN en Egypte, Riyad Mahrez a d\u00e9clar\u00e9 : \u00abBien sur que je suis tr\u00e8s heureux d\u2019avoir remport\u00e9 la CAN avec l\u2019\u00e9quipe d\u2019Alg\u00e9rie. Nous avons tout donn\u00e9 pour remporter cette CAN. Je suis tr\u00e8s fier d\u2019\u00eatre le capitaine de l\u2019\u00e9quipe [&hellip;]<\/p>\n","protected":false},"author":1738,"featured_media":70795,"comment_status":"closed","ping_status":"closed","sticky":false,"template":"","format":"standard","meta":{"fifu_image_url":"","fifu_image_alt":"","footnotes":""},"categories":[53,75],"tags":[],"class_list":["post-70794","post","type-post","status-publish","format-standard","has-post-thumbnail","hentry","category-algerie","category-sport"],"_links":{"self":[{"href":"https:\/\/linitiative.ca\/International\/wp-json\/wp\/v2\/posts\/70794","targetHints":{"allow":["GET"]}}],"collection":[{"href":"https:\/\/linitiative.ca\/International\/wp-json\/wp\/v2\/posts"}],"about":[{"href":"https:\/\/linitiative.ca\/International\/wp-json\/wp\/v2\/types\/post"}],"author":[{"embeddable":true,"href":"https:\/\/linitiative.ca\/International\/wp-json\/wp\/v2\/users\/1738"}],"replies":[{"embeddable":true,"href":"https:\/\/linitiative.ca\/International\/wp-json\/wp\/v2\/comments?post=70794"}],"version-history":[{"count":0,"href":"https:\/\/linitiative.ca\/International\/wp-json\/wp\/v2\/posts\/70794\/revisions"}],"wp:featuredmedia":[{"embeddable":true,"href":"https:\/\/linitiative.ca\/International\/wp-json\/"}],"wp:attachment":[{"href":"https:\/\/linitiative.ca\/International\/wp-json\/wp\/v2\/media?parent=70794"}],"wp:term":[{"taxonomy":"category","embeddable":true,"href":"https:\/\/linitiative.ca\/International\/wp-json\/wp\/v2\/categories?post=70794"},{"taxonomy":"post_tag","embeddable":true,"href":"https:\/\/linitiative.ca\/International\/wp-json\/wp\/v2\/tags?post=70794"}],"curies":[{"name":"wp","href":"https:\/\/api.w.org\/{rel}","templated":true}]}}