{"id":70796,"date":"2019-12-20T15:14:09","date_gmt":"2019-12-20T20:14:09","guid":{"rendered":"https:\/\/linitiative.ca\/International\/equipe-dalgerie-un-protocole-daccord-singe-entre-la-faf-et-la-federation-qatarie-photos\/"},"modified":"2019-12-20T15:14:09","modified_gmt":"2019-12-20T20:14:09","slug":"equipe-dalgerie-un-protocole-daccord-singe-entre-la-faf-et-la-federation-qatarie-photos","status":"publish","type":"post","link":"https:\/\/linitiative.ca\/International\/equipe-dalgerie-un-protocole-daccord-singe-entre-la-faf-et-la-federation-qatarie-photos\/","title":{"rendered":"Equipe d&rsquo;Alg\u00e9rie : Un protocole d\u2019accord sing\u00e9 entre la FAF et la f\u00e9d\u00e9ration Qatarie (Photos)"},"content":{"rendered":"<div readability=\"32\">\n<p>Auteur : <span class=\"time\">vendredi 20 d\u00e9cembre 2019 17:01<\/span><\/p>\n<\/div>\n<div id=\"post_core\" readability=\"38\">\n<p>En marge de sa pr\u00e9sence au Qatar pour assister \u00e0 la finale du Mondial des Clubs, le pr\u00e9sident de la FAF, Kheireddine Zetchi a sign\u00e9, aujourd\u2019hui, avec son homologue du Qatar un protocole d\u2019accord de coop\u00e9ration et d\u2019\u00e9changes.<\/p>\n<p><img decoding=\"async\" alt=\"\" src=\"https:\/\/www.ennaharonline.com\/wp-content\/uploads\/2019\/12\/5fb7934b-e1a5-4eb0-b505-6ba1f9e56dec.jpg\" class=\"c1\"\/><img decoding=\"async\" alt=\"\" src=\"https:\/\/www.ennaharonline.com\/wp-content\/uploads\/2019\/12\/7dbc35e2-4d15-4eb3-8d8e-a0dee45fc1ba.jpg\" class=\"c2\"\/><img decoding=\"async\" alt=\"\" src=\"https:\/\/www.ennaharonline.com\/wp-content\/uploads\/2019\/12\/009109b4-37b2-408e-ab26-8a3ae4c4b870.jpg\" class=\"c3\"\/><\/p>\n<p><strong>Publi\u00e9 dans :<\/strong> <span>faf<\/span><\/p>\n<\/div>\n<p>Auteur:<br \/>\n<a href=\"http:\/\/www.lebuteur.com\/article\/detail?titre=un-protocole-daccord-singe-entre-la-faf-et-la-federation-qatarie-photos&#038;id=93698&#038;utm_source=feedburner&#038;utm_medium=feed&#038;utm_campaign=Feed%3A+GalerieFArtciles+%28Les+derniers+articles++-+lebuteur.com%29\">Cliquez ici pour lire l&rsquo;article depuis sa source.<\/a><\/p>\n","protected":false},"excerpt":{"rendered":"<p>Auteur : vendredi 20 d\u00e9cembre 2019 17:01 En marge de sa pr\u00e9sence au Qatar pour assister \u00e0 la finale du Mondial des Clubs, le pr\u00e9sident de la FAF, Kheireddine Zetchi a sign\u00e9, aujourd\u2019hui, avec son homologue du Qatar un protocole d\u2019accord de coop\u00e9ration et d\u2019\u00e9changes. Publi\u00e9 dans : faf Auteur: Cliquez ici pour lire l&rsquo;article [&hellip;]<\/p>\n","protected":false},"author":1738,"featured_media":70797,"comment_status":"closed","ping_status":"closed","sticky":false,"template":"","format":"standard","meta":{"fifu_image_url":"","fifu_image_alt":"","footnotes":""},"categories":[53,75],"tags":[],"class_list":["post-70796","post","type-post","status-publish","format-standard","has-post-thumbnail","hentry","category-algerie","category-sport"],"_links":{"self":[{"href":"https:\/\/linitiative.ca\/International\/wp-json\/wp\/v2\/posts\/70796","targetHints":{"allow":["GET"]}}],"collection":[{"href":"https:\/\/linitiative.ca\/International\/wp-json\/wp\/v2\/posts"}],"about":[{"href":"https:\/\/linitiative.ca\/International\/wp-json\/wp\/v2\/types\/post"}],"author":[{"embeddable":true,"href":"https:\/\/linitiative.ca\/International\/wp-json\/wp\/v2\/users\/1738"}],"replies":[{"embeddable":true,"href":"https:\/\/linitiative.ca\/International\/wp-json\/wp\/v2\/comments?post=70796"}],"version-history":[{"count":0,"href":"https:\/\/linitiative.ca\/International\/wp-json\/wp\/v2\/posts\/70796\/revisions"}],"wp:featuredmedia":[{"embeddable":true,"href":"https:\/\/linitiative.ca\/International\/wp-json\/"}],"wp:attachment":[{"href":"https:\/\/linitiative.ca\/International\/wp-json\/wp\/v2\/media?parent=70796"}],"wp:term":[{"taxonomy":"category","embeddable":true,"href":"https:\/\/linitiative.ca\/International\/wp-json\/wp\/v2\/categories?post=70796"},{"taxonomy":"post_tag","embeddable":true,"href":"https:\/\/linitiative.ca\/International\/wp-json\/wp\/v2\/tags?post=70796"}],"curies":[{"name":"wp","href":"https:\/\/api.w.org\/{rel}","templated":true}]}}