{"id":70798,"date":"2019-12-20T15:14:11","date_gmt":"2019-12-20T20:14:11","guid":{"rendered":"https:\/\/linitiative.ca\/International\/international-arsenal-les-premiers-mots-darteta\/"},"modified":"2019-12-20T15:14:11","modified_gmt":"2019-12-20T20:14:11","slug":"international-arsenal-les-premiers-mots-darteta","status":"publish","type":"post","link":"https:\/\/linitiative.ca\/International\/international-arsenal-les-premiers-mots-darteta\/","title":{"rendered":"International : Arsenal : Les premiers mots d&rsquo;Arteta"},"content":{"rendered":"<div readability=\"32\">\n<p>Auteur : <span class=\"time\">vendredi 20 d\u00e9cembre 2019 18:30<\/span><\/p>\n<\/div>\n<div id=\"post_core\" readability=\"39\">\n<p>Si les noms de plusieurs entra\u00eeneurs \u00e9taient sur la liste des Gunners, c\u2019est d\u00e9sormais officiel, l\u2019Espagnol Mikel Arteta est le nouvel entra\u00eeneur du club londonien.\u00a0L\u2019ancien milieu de terrain d\u2019Arsenal s\u2019est exprim\u00e9 sur le site du club \u00e0 l\u2019annonce de son retour \u00e0 l\u2019Emirates Stadium en tant que coach : \u00ab\u00a0C\u2019est un immense honneur. Arsenal est l\u2019un des plus gros clubs du Monde. Nous avons besoin de nous battre pour remporter les meilleurs troph\u00e9es en jeu et cela a \u00e9t\u00e9 tr\u00e8s clair pour moi dans mes discussions avec Stan et Josh Kroenke et les autres dirigeants du club\u00a0\u00bb\u200b Source : Onzemondial.<\/p>\n<p><strong>Publi\u00e9 dans :<\/strong> <span>Arsenal<\/span> <span>Arteta<\/span><\/p>\n<\/div>\n<p>Auteur:<br \/>\n<a href=\"http:\/\/www.lebuteur.com\/article\/detail?titre=arsenal-les-premiers-mots-darteta&#038;id=93699&#038;utm_source=feedburner&#038;utm_medium=feed&#038;utm_campaign=Feed%3A+GalerieFArtciles+%28Les+derniers+articles++-+lebuteur.com%29\">Cliquez ici pour lire l&rsquo;article depuis sa source.<\/a><\/p>\n","protected":false},"excerpt":{"rendered":"<p>Auteur : vendredi 20 d\u00e9cembre 2019 18:30 Si les noms de plusieurs entra\u00eeneurs \u00e9taient sur la liste des Gunners, c\u2019est d\u00e9sormais officiel, l\u2019Espagnol Mikel Arteta est le nouvel entra\u00eeneur du club londonien.\u00a0L\u2019ancien milieu de terrain d\u2019Arsenal s\u2019est exprim\u00e9 sur le site du club \u00e0 l\u2019annonce de son retour \u00e0 l\u2019Emirates Stadium en tant que coach [&hellip;]<\/p>\n","protected":false},"author":1738,"featured_media":70799,"comment_status":"closed","ping_status":"closed","sticky":false,"template":"","format":"standard","meta":{"fifu_image_url":"","fifu_image_alt":"","footnotes":""},"categories":[53,75],"tags":[],"class_list":["post-70798","post","type-post","status-publish","format-standard","has-post-thumbnail","hentry","category-algerie","category-sport"],"_links":{"self":[{"href":"https:\/\/linitiative.ca\/International\/wp-json\/wp\/v2\/posts\/70798","targetHints":{"allow":["GET"]}}],"collection":[{"href":"https:\/\/linitiative.ca\/International\/wp-json\/wp\/v2\/posts"}],"about":[{"href":"https:\/\/linitiative.ca\/International\/wp-json\/wp\/v2\/types\/post"}],"author":[{"embeddable":true,"href":"https:\/\/linitiative.ca\/International\/wp-json\/wp\/v2\/users\/1738"}],"replies":[{"embeddable":true,"href":"https:\/\/linitiative.ca\/International\/wp-json\/wp\/v2\/comments?post=70798"}],"version-history":[{"count":0,"href":"https:\/\/linitiative.ca\/International\/wp-json\/wp\/v2\/posts\/70798\/revisions"}],"wp:featuredmedia":[{"embeddable":true,"href":"https:\/\/linitiative.ca\/International\/wp-json\/"}],"wp:attachment":[{"href":"https:\/\/linitiative.ca\/International\/wp-json\/wp\/v2\/media?parent=70798"}],"wp:term":[{"taxonomy":"category","embeddable":true,"href":"https:\/\/linitiative.ca\/International\/wp-json\/wp\/v2\/categories?post=70798"},{"taxonomy":"post_tag","embeddable":true,"href":"https:\/\/linitiative.ca\/International\/wp-json\/wp\/v2\/tags?post=70798"}],"curies":[{"name":"wp","href":"https:\/\/api.w.org\/{rel}","templated":true}]}}