{"id":70800,"date":"2019-12-20T15:14:12","date_gmt":"2019-12-20T20:14:12","guid":{"rendered":"https:\/\/linitiative.ca\/International\/international-real-madrid-une-offre-de-105me-pour-un-international-serbe\/"},"modified":"2019-12-20T15:14:12","modified_gmt":"2019-12-20T20:14:12","slug":"international-real-madrid-une-offre-de-105me-pour-un-international-serbe","status":"publish","type":"post","link":"https:\/\/linitiative.ca\/International\/international-real-madrid-une-offre-de-105me-pour-un-international-serbe\/","title":{"rendered":"International : Real Madrid : Une offre de 105M\u20ac pour un international serbe ?"},"content":{"rendered":"<div readability=\"32\">\n<p>Auteur : <span class=\"time\">vendredi 20 d\u00e9cembre 2019 18:55<\/span><\/p>\n<\/div>\n<div id=\"post_core\" readability=\"41\">\n<p>Du coup, les dirigeants madril\u00e8nes auraient activ\u00e9 un plan B comme nous le r\u00e9v\u00e8le Les-Transferts. Ces derniers auraient des vues sur Sergej Milinkovic-Savic. Sous contrat avec la Lazio Rome, l\u2019international serbe ne disposerait toutefois pas de bon de sortie. En course pour une place en Ligue des Champions, les dirigeants romains souhaitent conserver leur effectif jusqu\u2019au mois de juin. N\u00e9anmoins, cela ne semble pas d\u00e9courager les Merengues qui envisageraient de formuler une offre de 105 millions d\u2019euros.<\/p>\n<p><strong>Publi\u00e9 dans :<\/strong> <span>Real<\/span> <span>Sergej Milinkovic-Savic<\/span><\/p>\n<\/div>\n<p>Auteur:<br \/>\n<a href=\"http:\/\/www.lebuteur.com\/article\/detail?titre=real-madrid-une-offre-de-105m%E2%82%AC-pour-un-international-serbe&#038;id=93700&#038;utm_source=feedburner&#038;utm_medium=feed&#038;utm_campaign=Feed%3A+GalerieFArtciles+%28Les+derniers+articles++-+lebuteur.com%29\">Cliquez ici pour lire l&rsquo;article depuis sa source.<\/a><\/p>\n","protected":false},"excerpt":{"rendered":"<p>Auteur : vendredi 20 d\u00e9cembre 2019 18:55 Du coup, les dirigeants madril\u00e8nes auraient activ\u00e9 un plan B comme nous le r\u00e9v\u00e8le Les-Transferts. Ces derniers auraient des vues sur Sergej Milinkovic-Savic. Sous contrat avec la Lazio Rome, l\u2019international serbe ne disposerait toutefois pas de bon de sortie. En course pour une place en Ligue des Champions, [&hellip;]<\/p>\n","protected":false},"author":1738,"featured_media":70801,"comment_status":"closed","ping_status":"closed","sticky":false,"template":"","format":"standard","meta":{"fifu_image_url":"","fifu_image_alt":"","footnotes":""},"categories":[53,75],"tags":[],"class_list":["post-70800","post","type-post","status-publish","format-standard","has-post-thumbnail","hentry","category-algerie","category-sport"],"_links":{"self":[{"href":"https:\/\/linitiative.ca\/International\/wp-json\/wp\/v2\/posts\/70800","targetHints":{"allow":["GET"]}}],"collection":[{"href":"https:\/\/linitiative.ca\/International\/wp-json\/wp\/v2\/posts"}],"about":[{"href":"https:\/\/linitiative.ca\/International\/wp-json\/wp\/v2\/types\/post"}],"author":[{"embeddable":true,"href":"https:\/\/linitiative.ca\/International\/wp-json\/wp\/v2\/users\/1738"}],"replies":[{"embeddable":true,"href":"https:\/\/linitiative.ca\/International\/wp-json\/wp\/v2\/comments?post=70800"}],"version-history":[{"count":0,"href":"https:\/\/linitiative.ca\/International\/wp-json\/wp\/v2\/posts\/70800\/revisions"}],"wp:featuredmedia":[{"embeddable":true,"href":"https:\/\/linitiative.ca\/International\/wp-json\/"}],"wp:attachment":[{"href":"https:\/\/linitiative.ca\/International\/wp-json\/wp\/v2\/media?parent=70800"}],"wp:term":[{"taxonomy":"category","embeddable":true,"href":"https:\/\/linitiative.ca\/International\/wp-json\/wp\/v2\/categories?post=70800"},{"taxonomy":"post_tag","embeddable":true,"href":"https:\/\/linitiative.ca\/International\/wp-json\/wp\/v2\/tags?post=70800"}],"curies":[{"name":"wp","href":"https:\/\/api.w.org\/{rel}","templated":true}]}}