{"id":70802,"date":"2019-12-20T15:14:14","date_gmt":"2019-12-20T20:14:14","guid":{"rendered":"https:\/\/linitiative.ca\/International\/pros-galatasaray-fatih-terim-salue-les-sacrifices-de-feghouli\/"},"modified":"2019-12-20T15:14:14","modified_gmt":"2019-12-20T20:14:14","slug":"pros-galatasaray-fatih-terim-salue-les-sacrifices-de-feghouli","status":"publish","type":"post","link":"https:\/\/linitiative.ca\/International\/pros-galatasaray-fatih-terim-salue-les-sacrifices-de-feghouli\/","title":{"rendered":"Pros : Galatasaray : Fatih Terim salue les sacrifices de Feghouli"},"content":{"rendered":"<div readability=\"32\">\n<p>Auteur : <span class=\"time\">vendredi 20 d\u00e9cembre 2019 20:44<\/span><\/p>\n<\/div>\n<div id=\"post_core\" readability=\"44\">\n<p>Sofiane Feghouli a en effet particip\u00e9 \u00e0 la victoire de son \u00e9quipe face \u00e0 Tuzlaspor (4-0) avec un but et une passe d\u00e9cisive. Une belle contribution que ne pouvait que satisfaire l&rsquo;entraineur Fatih Terim qui a insist\u00e9 sur les sacrifices consentis par l&rsquo;international alg\u00e9rien lors de cette rencontre. il a ainsi d\u00e9clar\u00e9 \u00e0 ce sujet :<\/p>\n<p>\u00ab\u00a0J&rsquo;ai \u00e9t\u00e9 impressionn\u00e9 par la prestation de Feghouli et Falcao. Et avec le temps, ils seront dans une bien meilleure forme. Feghouli a fait face \u00e0 quelques difficult\u00e9s, mais il a jou\u00e9 en faisant preuve de beaucoup de sacrifices. Il va s&rsquo;am\u00e9liorer avec le temps. Je suis tr\u00e8s content de mes joueurs\u00a0\u00bb.<\/p>\n<p><strong>Publi\u00e9 dans :<\/strong> <span>Galatasaray<\/span><\/p>\n<\/div>\n<p>Auteur:<br \/>\n<a href=\"http:\/\/www.lebuteur.com\/article\/detail?titre=galatasaray-fatih-terim-salue-les-sacrifices-de-feghouli&#038;id=93701&#038;utm_source=feedburner&#038;utm_medium=feed&#038;utm_campaign=Feed%3A+GalerieFArtciles+%28Les+derniers+articles++-+lebuteur.com%29\">Cliquez ici pour lire l&rsquo;article depuis sa source.<\/a><\/p>\n","protected":false},"excerpt":{"rendered":"<p>Auteur : vendredi 20 d\u00e9cembre 2019 20:44 Sofiane Feghouli a en effet particip\u00e9 \u00e0 la victoire de son \u00e9quipe face \u00e0 Tuzlaspor (4-0) avec un but et une passe d\u00e9cisive. Une belle contribution que ne pouvait que satisfaire l&rsquo;entraineur Fatih Terim qui a insist\u00e9 sur les sacrifices consentis par l&rsquo;international alg\u00e9rien lors de cette rencontre. [&hellip;]<\/p>\n","protected":false},"author":1738,"featured_media":70803,"comment_status":"closed","ping_status":"closed","sticky":false,"template":"","format":"standard","meta":{"fifu_image_url":"","fifu_image_alt":"","footnotes":""},"categories":[53,75],"tags":[],"class_list":["post-70802","post","type-post","status-publish","format-standard","has-post-thumbnail","hentry","category-algerie","category-sport"],"_links":{"self":[{"href":"https:\/\/linitiative.ca\/International\/wp-json\/wp\/v2\/posts\/70802","targetHints":{"allow":["GET"]}}],"collection":[{"href":"https:\/\/linitiative.ca\/International\/wp-json\/wp\/v2\/posts"}],"about":[{"href":"https:\/\/linitiative.ca\/International\/wp-json\/wp\/v2\/types\/post"}],"author":[{"embeddable":true,"href":"https:\/\/linitiative.ca\/International\/wp-json\/wp\/v2\/users\/1738"}],"replies":[{"embeddable":true,"href":"https:\/\/linitiative.ca\/International\/wp-json\/wp\/v2\/comments?post=70802"}],"version-history":[{"count":0,"href":"https:\/\/linitiative.ca\/International\/wp-json\/wp\/v2\/posts\/70802\/revisions"}],"wp:featuredmedia":[{"embeddable":true,"href":"https:\/\/linitiative.ca\/International\/wp-json\/"}],"wp:attachment":[{"href":"https:\/\/linitiative.ca\/International\/wp-json\/wp\/v2\/media?parent=70802"}],"wp:term":[{"taxonomy":"category","embeddable":true,"href":"https:\/\/linitiative.ca\/International\/wp-json\/wp\/v2\/categories?post=70802"},{"taxonomy":"post_tag","embeddable":true,"href":"https:\/\/linitiative.ca\/International\/wp-json\/wp\/v2\/tags?post=70802"}],"curies":[{"name":"wp","href":"https:\/\/api.w.org\/{rel}","templated":true}]}}