{"id":70805,"date":"2019-12-20T15:19:40","date_gmt":"2019-12-20T20:19:40","guid":{"rendered":"https:\/\/linitiative.ca\/International\/sahara-occidental-grand-maghreb-et-libye-les-grandes-lignes-de-la-politique-etrangere\/"},"modified":"2019-12-20T15:19:40","modified_gmt":"2019-12-20T20:19:40","slug":"sahara-occidental-grand-maghreb-et-libye-les-grandes-lignes-de-la-politique-etrangere","status":"publish","type":"post","link":"https:\/\/linitiative.ca\/International\/sahara-occidental-grand-maghreb-et-libye-les-grandes-lignes-de-la-politique-etrangere\/","title":{"rendered":"Sahara Occidental, Grand Maghreb ET Libye :   Les grandes lignes de la politique \u00e9trang\u00e8re"},"content":{"rendered":"<p>Dans son discours, en pr\u00e9sence des repr\u00e9sentants du corps diplomatique accr\u00e9dit\u00e9 en Alg\u00e9rie, le pr\u00e9sident de la R\u00e9publique a annonc\u00e9 les grandes lignes de la politique \u00e9trang\u00e8re de l\u2019Alg\u00e9rie. M. Tebboune a r\u00e9affirm\u00e9 que, conform\u00e9ment \u00e0 ses principes fondateurs, l\u2019Alg\u00e9rie refuse de s&rsquo;immiscer dans les affaires int\u00e9rieures des Etats et s&rsquo;opposera avec force \u00e0 toute tentative d&rsquo;ing\u00e9rence \u00e9trang\u00e8re dans les affaires int\u00e9rieures du pays quelles qu&rsquo;elles soient\u00bb. Il a assur\u00e9, dans le m\u00eame cadre, que l&rsquo;Alg\u00e9rie \u0153uvrera \u00e0 entretenir des relations d&rsquo;amiti\u00e9 et de coop\u00e9ration avec tous les pays except\u00e9s ceux avec lesquels l&rsquo;Alg\u00e9rie n&rsquo;a pas de relations diplomatiques pour des raisons objectives. Le pr\u00e9sident de la R\u00e9publique a \u00e9voqu\u00e9 la situation en Lybie, affirmant que les positions de l\u2019Alg\u00e9rie sont inspir\u00e9es de son souci de pr\u00e9server la stabilit\u00e9 nationale et r\u00e9gionale. M. Tebboune, a indiqu\u00e9, dans cet ordre d\u2019id\u00e9es, que \u00abl&rsquo;Alg\u00e9rie est le premier pays concern\u00e9 par la stabilit\u00e9 de la Libye, qu&rsquo;on le veuille ou non, et que nous n\u2019accepterons jamais qu&rsquo;elle soit \u00e9cart\u00e9e des solutions propos\u00e9es dans le dossier libyen\u00bb.<br \/>Il rel\u00e8vera que \u00abl&rsquo;Alg\u00e9rie d\u00e9ploiera davantage d&rsquo;efforts en faveur de la stabilit\u00e9 de la Libye et de la pr\u00e9servation de l&rsquo;unit\u00e9 de son peuple et de son int\u00e9grit\u00e9 territoriale\u00bb. Evoquant le Maghreb arabe, le pr\u00e9sident Tebboune a d\u00e9clar\u00e9 que la construction de l&rsquo;\u00e9difice maghr\u00e9bin \u00abest une\u00a0 des pr\u00e9occupations de l&rsquo;Etat alg\u00e9rien qui \u0153uvrera inlassablement \u00e0 la pr\u00e9servation des relations de bon voisinage et des liens de fraternit\u00e9 et de coop\u00e9ration avec tous les Etats du Maghreb arabe\u00bb. Par ailleurs, le pr\u00e9sident Tebboune a tenu \u00e0 souligner que \u00abla question du Sahara occidental rel\u00e8ve de la d\u00e9colonisation, et, est entre les mains des Nations unies et de l&rsquo;Union africaine\u00bb, estimant que ce probl\u00e8me \u00abdoit rester en dehors des relations avec nos fr\u00e8res marocains\u00bb. Le soutien \u00e0 la cause palestinienne demeure, quant \u00e0 lui, parmi \u00ables constantes de la politique \u00e9trang\u00e8re de l&rsquo;Etat alg\u00e9rien\u00bb, a-t-il insist\u00e9. Evoquant la situation au Sahel, le pr\u00e9sident de la R\u00e9publique a soulign\u00e9 que \u00abla diplomatie alg\u00e9rienne \u0153uvrera davantage \u00e0 l&rsquo;application de l&rsquo;accord de paix et de r\u00e9conciliation au Mali, sign\u00e9 \u00e0 Alger \u00bb.\u00a0\u00a0\u00a0 \u00a0\u00a0\u00a0 \u00a0\u00a0\u00a0 \u00a0\u00a0\u00a0\u00a0\u00a0\u00a0\u00a0\u00a0\u00a0 N. B.<br \/>\u00a0<\/p>\n<p>Auteur: elmoudjahid<br \/>\n<a href=\"http:\/\/www.elmoudjahid.com\/fr\/actualites\/146097\">Cliquez ici pour lire l&rsquo;article depuis sa source.<\/a><\/p>\n","protected":false},"excerpt":{"rendered":"<p>Dans son discours, en pr\u00e9sence des repr\u00e9sentants du corps diplomatique accr\u00e9dit\u00e9 en Alg\u00e9rie, le pr\u00e9sident de la R\u00e9publique a annonc\u00e9 les grandes lignes de la politique \u00e9trang\u00e8re de l\u2019Alg\u00e9rie. M. Tebboune a r\u00e9affirm\u00e9 que, conform\u00e9ment \u00e0 ses principes fondateurs, l\u2019Alg\u00e9rie refuse de s&rsquo;immiscer dans les affaires int\u00e9rieures des Etats et s&rsquo;opposera avec force \u00e0 toute [&hellip;]<\/p>\n","protected":false},"author":1744,"featured_media":0,"comment_status":"closed","ping_status":"closed","sticky":false,"template":"","format":"standard","meta":{"fifu_image_url":"","fifu_image_alt":"","footnotes":""},"categories":[73,53],"tags":[],"class_list":["post-70805","post","type-post","status-publish","format-standard","hentry","category-actualite","category-algerie"],"_links":{"self":[{"href":"https:\/\/linitiative.ca\/International\/wp-json\/wp\/v2\/posts\/70805","targetHints":{"allow":["GET"]}}],"collection":[{"href":"https:\/\/linitiative.ca\/International\/wp-json\/wp\/v2\/posts"}],"about":[{"href":"https:\/\/linitiative.ca\/International\/wp-json\/wp\/v2\/types\/post"}],"author":[{"embeddable":true,"href":"https:\/\/linitiative.ca\/International\/wp-json\/wp\/v2\/users\/1744"}],"replies":[{"embeddable":true,"href":"https:\/\/linitiative.ca\/International\/wp-json\/wp\/v2\/comments?post=70805"}],"version-history":[{"count":0,"href":"https:\/\/linitiative.ca\/International\/wp-json\/wp\/v2\/posts\/70805\/revisions"}],"wp:attachment":[{"href":"https:\/\/linitiative.ca\/International\/wp-json\/wp\/v2\/media?parent=70805"}],"wp:term":[{"taxonomy":"category","embeddable":true,"href":"https:\/\/linitiative.ca\/International\/wp-json\/wp\/v2\/categories?post=70805"},{"taxonomy":"post_tag","embeddable":true,"href":"https:\/\/linitiative.ca\/International\/wp-json\/wp\/v2\/tags?post=70805"}],"curies":[{"name":"wp","href":"https:\/\/api.w.org\/{rel}","templated":true}]}}