{"id":70806,"date":"2019-12-20T15:19:43","date_gmt":"2019-12-20T20:19:43","guid":{"rendered":"https:\/\/linitiative.ca\/International\/investiture-du-president-de-la-republique-m-abdelmadjid-tebboune-prete-serment\/"},"modified":"2019-12-20T15:19:43","modified_gmt":"2019-12-20T20:19:43","slug":"investiture-du-president-de-la-republique-m-abdelmadjid-tebboune-prete-serment","status":"publish","type":"post","link":"https:\/\/linitiative.ca\/International\/investiture-du-president-de-la-republique-m-abdelmadjid-tebboune-prete-serment\/","title":{"rendered":"Investiture du pr\u00e9sident de la r\u00e9publique : M. Abdelmadjid Tebboune pr\u00eate serment"},"content":{"rendered":"<p>Le pr\u00e9sident de la R\u00e9publique \u00e9lu, Abdelmadjid Tebboune, a pr\u00eat\u00e9 serment, jeudi dernier,\u00a0 lors d\u2019une c\u00e9r\u00e9monie organis\u00e9e au Palais des nations \u00e0 Alger. L\u2019investiture s\u2019est d\u00e9roul\u00e9e en pr\u00e9sence du chef de l\u2019Etat, Abdelkader Bensalah, du pr\u00e9sident du Conseil de la nation par int\u00e9rim, Salah Goudjil, du pr\u00e9sident de l\u2019APN, Slimane Chenine, du Premier ministre, Nourredine Bedoui, du g\u00e9n\u00e9ral de corps d\u2019Arm\u00e9e, Ahmed Gaid Salah, vice-ministre de la D\u00e9fense nationale, chef d\u2019\u00e9tat-major de l\u2019ANP, des membres du gouvernement, des personnalit\u00e9s nationales, des hauts cadres civils et militaires, des repr\u00e9sentants du mouvement associatif ainsi que des repr\u00e9sentants du corps diplomatique accr\u00e9dit\u00e9 \u00e0 Alger.<br \/>L\u2019on notera \u00e9galement la pr\u00e9sence des quatre autres candidats \u00e0 la pr\u00e9sidentielle du 12 d\u00e9cembre dernier, Ali Benflis, Abdelkader Bengrina, Azzedine Mihoubi et Abdelaziz Bela\u00efd. Le pr\u00e9sident de l\u2019ANIE, Mohamed Charfi, ainsi que des membres de cette autorit\u00e9 ont aussi\u00a0 pris part \u00e0 cette c\u00e9r\u00e9monie, au m\u00eame titre\u00a0 que d\u2019anciens pr\u00e9sidents de l\u2019APN, dont Abdelaziz Belkhadem, Abdelaziz Ziari, Karim Younes, \u00e9galement\u00a0 pr\u00e9sident du comit\u00e9 du dialogue, et\u00a0 Salim Labatcha, SG de l\u2019UGTA.<br \/>Il est 10h. Le chef de l\u2019Etat, Abdelkader Bensalah, arrive au Palais des nations. Il est accueilli par le\u00a0 pr\u00e9sident du Conseil de la nation par int\u00e9rim, Salah Goudjil, le pr\u00e9sident de l\u2019APN, Slimane Chenine,\u00a0 le Premier ministre, Nourredine Bedoui, le vice-ministre de la D\u00e9fense nationale, chef d\u2019\u00e9tat-major de l\u2019ANP, le g\u00e9n\u00e9ral de corps d\u2019Arm\u00e9e, Ahmed Gaid Salah.<br \/>Quelques minutes plus tard, le Pr\u00e9sident \u00e9lu, Abdelmadjid Tebboune, entre dans la salle\u00a0 sous les applaudissements. Le pr\u00e9sident du Conseil constitutionnel, Kamel Feniche, a rappel\u00e9, dans son intervention consacr\u00e9e aux proc\u00e9dures protocolaires, les r\u00e9sultats d\u00e9finitifs de l\u2019\u00e9lection pr\u00e9sidentielle.<br \/>Le Pr\u00e9sident Tebboune a alors pr\u00eat\u00e9 serment, la main droite sur le Coran,\u00a0\u00a0 devant le premier pr\u00e9sident de la Cour supr\u00eame, Abderrachid Tabbi, conform\u00e9ment \u00e0 l\u2019article 89 de la Constitution, qui stipule que \u00able pr\u00e9sident de la R\u00e9publique pr\u00eate serment devant le peuple et en pr\u00e9sence de toutes les hautes instances de la nation, dans la semaine qui suit son \u00e9lection. Il entre en fonction aussit\u00f4t apr\u00e8s sa prestation de serment\u00bb et la passation de pouvoir,\u00a0 a tenu \u00e0 rappeler le pr\u00e9sident du Conseil constitutionnel, Kamel Feniche. Apr\u00e8s la prestation de serment, le pr\u00e9sident de la R\u00e9publique a \u00e9t\u00e9 d\u00e9cor\u00e9 de l\u2019Ordre du M\u00e9rite national du rang \u2018\u2018Sadr\u2019\u2019 par le chef de l\u2019Etat sortant, Abdelkader Bensalah.<br \/><strong>Ne\u00efla Benrahal<\/strong><\/p>\n<p>&#8212;&#8212;&#8212;&#8212;&#8212;&#8212;&#8212;&#8212;<\/p>\n<p><strong>Le pr\u00e9sident Tebboune prend officiellement\u00a0 ses fonctions<\/strong><\/p>\n<p>M. Abdelmadjid Tebboune a pris officiellement, jeudi, ses fonctions en tant que Pr\u00e9sident de la R\u00e9publique. A son arriv\u00e9e au si\u00e8ge de la pr\u00e9sidence de la R\u00e9publique, le Pr\u00e9sident Tebboune a pass\u00e9 en revue un d\u00e9tachement de la Garde r\u00e9publicaine qui lui a rendu les honneurs et salu\u00e9 l\u2019embl\u00e8me national, pour \u00eatre ensuite accueilli par le chef de l\u2019Etat, Abdelkader Bensalah, avant de se diriger vers son bureau.<\/p>\n<p>&#8212;&#8212;&#8212;&#8212;&#8212;&#8212;&#8212;-<\/p>\n<p><strong>BIO-EXPRESS du nouveau Pr\u00e9sident<\/strong><\/p>\n<p>Le nouveau pr\u00e9sident de la R\u00e9publique, Abdelmadjid Tebboune,\u00a0 qui a pris officiellement jeudi ses fonctions, a occup\u00e9 plusieurs hautes fonctions au sein de l\u2019Etat.<br \/>N\u00e9 le 17 novembre 1945 \u00e0 Mecheria, dans la wilaya de Na\u00e2ma, M.\u2008Tebboune a occup\u00e9 plusieurs postes minist\u00e9riels, dont le dernier \u00e9tait celui de Premier ministre, de mai 2017 au mois d\u2019ao\u00fbt de la m\u00eame ann\u00e9e.<br \/>Dipl\u00f4m\u00e9 de l\u2019Ecole nationale d\u2019administration (ENA), sp\u00e9cialit\u00e9 \u00e9conomie et finances (1965-1969), il a occup\u00e9 les postes de ministre d\u00e9l\u00e9gu\u00e9 aupr\u00e8s du ministre de l\u2019Int\u00e9rieur et des Collectivit\u00e9s locales, charg\u00e9 des collectivit\u00e9s locales (1991-1992), ministre de la Communication et de la Culture (1999), ministre des Collectivit\u00e9s locales (2000-2001) et ministre de l\u2019Habitat et de l\u2019Urbanisme<br \/>(2001-2002).<br \/>En 2012, M. Tebboune retrouve<br \/>le minist\u00e8re de l\u2019Habitat et de l\u2019Urbanisme. Son d\u00e9partement minist\u00e9riel est \u00e9largi en 2013<br \/>\u00e0 la Ville.<br \/>Avant sa nomination au poste de Premier ministre en mai 2017, il a assur\u00e9 l\u2019int\u00e9rim du minist\u00e8re du Commerce suite \u00e0 l\u2019absence prolong\u00e9e pour maladie du d\u00e9funt Bakhti Belaib.<br \/>M. Tebboune a occup\u00e9, auparavant, les postes de secr\u00e9taire g\u00e9n\u00e9ral des wilayas de Djelfa, Adrar, Batna et M\u2019sila et wali d\u2019Adrar, Tiaret et Tizi-Ouzou.<\/p>\n<p>&#8212;&#8212;&#8212;&#8212;&#8212;&#8212;&#8212;&#8211;<\/p>\n<p><strong>Les chefs d\u2019\u00e9tat et pr\u00e9sidents de l\u2019Alg\u00e9rie depuis l\u2019ind\u00e9pendance<\/strong><\/p>\n<p>M. Abdelmadjid Tebboune a pris officiellement jeudi ses fonctions en tant que Pr\u00e9sident de la R\u00e9publique.<br \/>Abdelkader Bensalah, pr\u00e9sident du Conseil de la nation, a occup\u00e9 le poste de chef de l\u2019Etat, conform\u00e9ment \u00e0 la Constitution.\u00a0 Depuis son ind\u00e9pendance du joug colonial fran\u00e7ais en 1962 \u00e0 ce jour, l\u2019Alg\u00e9rie a \u00e9t\u00e9 dirig\u00e9e par plusieurs pr\u00e9sidents et chefs d\u2019Etat: Le premier fut Ahmed Ben Bella, une des figures embl\u00e9matiques de la lutte alg\u00e9rienne contre l\u2019occupation fran\u00e7aise \u00e0 \u00eatre \u00e0 la t\u00eate de l\u2019Etat alg\u00e9rien, entre 1963 et 1965, avant d\u2019\u00eatre renvers\u00e9 par Houari Boumediene le 19 juin 1965.\u00a0 Ce dernier est chef d\u2019Etat de 1965 \u00e0 1976, puis \u00e9lu pr\u00e9sident de la R\u00e9publique en d\u00e9cembre 1976. Il occupa ce poste jusqu\u2019\u00e0 sa mort le 28 d\u00e9cembre 1978.<br \/>Apr\u00e8s une courte p\u00e9riode d\u2019int\u00e9rim assur\u00e9e par Rabah Bitat, une autre figure de la lutte de Lib\u00e9ration nationale, Chadli Bendjedid, a \u00e9t\u00e9 \u00e9lu pr\u00e9sident de la R\u00e9publique le 7 f\u00e9vrier 1979, \u00e0 l\u2019issue d\u2019une \u00e9lection pr\u00e9sidentielle. Il a \u00e9t\u00e9 r\u00e9\u00e9lu deux fois cons\u00e9cutives en 1984 et en 1989, avant de remettre sa d\u00e9mission le 11 janvier 1992 au Conseil constitutionnel.<br \/>En janvier 1992, Mohamed Boudiaf est rentr\u00e9 au pays et fut nomm\u00e9 pr\u00e9sident du Haut comit\u00e9 d\u2019Etat (HCE), compos\u00e9 de cinq membres. Il est assassin\u00e9 le 29 juin de la m\u00eame ann\u00e9e \u00e0 Annaba. A partir de cette date, le HCE a \u00e9t\u00e9 confi\u00e9 \u00e0 Ali Kafi, ancien colonel de l\u2019Arm\u00e9e de lib\u00e9ration nationale (ALN) et pr\u00e9sident de l\u2019Organisation nationale des Moudjahidine (ONM),\u00a0 jusqu\u2019\u00e0 la fin du mandat de cette institution en 1994.\u00a0 Liamine Zeroual, apr\u00e8s avoir assur\u00e9 une p\u00e9riode de transition,\u00a0 a organis\u00e9 des \u00e9lections pr\u00e9sidentielles pluralistes en 1995 qu\u2019il remporte.<br \/>En 1999, Zeroual d\u00e9cide d\u2019interrompre son mandat pr\u00e9sidentiel et organise des \u00e9lections anticip\u00e9es, remport\u00e9es par Abdelaziz Bouteflika, qui a dirig\u00e9 l\u2019Alg\u00e9rie en briguant un troisi\u00e8me, puis un quatri\u00e8me mandat, apr\u00e8s amendement de la Constitution.<br \/>En avril 2019, malgr\u00e9 un \u00e9tat de sant\u00e9 d\u00e9t\u00e9rior\u00e9, Bouteflika annonce sa volont\u00e9 de se pr\u00e9senter pour un 5e mandat pour une \u00e9lection pr\u00e9sidentielle pr\u00e9vue en avril 2019. Il a \u00e9t\u00e9 contraint \u00e0 la d\u00e9mission par le Hirak.<\/p>\n<p>Auteur: elmoudjahid<br \/>\n<a href=\"http:\/\/www.elmoudjahid.com\/fr\/actualites\/146098\">Cliquez ici pour lire l&rsquo;article depuis sa source.<\/a><\/p>\n","protected":false},"excerpt":{"rendered":"<p>Le pr\u00e9sident de la R\u00e9publique \u00e9lu, Abdelmadjid Tebboune, a pr\u00eat\u00e9 serment, jeudi dernier,\u00a0 lors d\u2019une c\u00e9r\u00e9monie organis\u00e9e au Palais des nations \u00e0 Alger. L\u2019investiture s\u2019est d\u00e9roul\u00e9e en pr\u00e9sence du chef de l\u2019Etat, Abdelkader Bensalah, du pr\u00e9sident du Conseil de la nation par int\u00e9rim, Salah Goudjil, du pr\u00e9sident de l\u2019APN, Slimane Chenine, du Premier ministre, Nourredine [&hellip;]<\/p>\n","protected":false},"author":1744,"featured_media":0,"comment_status":"closed","ping_status":"closed","sticky":false,"template":"","format":"standard","meta":{"fifu_image_url":"","fifu_image_alt":"","footnotes":""},"categories":[73,53],"tags":[],"class_list":["post-70806","post","type-post","status-publish","format-standard","hentry","category-actualite","category-algerie"],"_links":{"self":[{"href":"https:\/\/linitiative.ca\/International\/wp-json\/wp\/v2\/posts\/70806","targetHints":{"allow":["GET"]}}],"collection":[{"href":"https:\/\/linitiative.ca\/International\/wp-json\/wp\/v2\/posts"}],"about":[{"href":"https:\/\/linitiative.ca\/International\/wp-json\/wp\/v2\/types\/post"}],"author":[{"embeddable":true,"href":"https:\/\/linitiative.ca\/International\/wp-json\/wp\/v2\/users\/1744"}],"replies":[{"embeddable":true,"href":"https:\/\/linitiative.ca\/International\/wp-json\/wp\/v2\/comments?post=70806"}],"version-history":[{"count":0,"href":"https:\/\/linitiative.ca\/International\/wp-json\/wp\/v2\/posts\/70806\/revisions"}],"wp:attachment":[{"href":"https:\/\/linitiative.ca\/International\/wp-json\/wp\/v2\/media?parent=70806"}],"wp:term":[{"taxonomy":"category","embeddable":true,"href":"https:\/\/linitiative.ca\/International\/wp-json\/wp\/v2\/categories?post=70806"},{"taxonomy":"post_tag","embeddable":true,"href":"https:\/\/linitiative.ca\/International\/wp-json\/wp\/v2\/tags?post=70806"}],"curies":[{"name":"wp","href":"https:\/\/api.w.org\/{rel}","templated":true}]}}