{"id":70807,"date":"2019-12-20T15:19:45","date_gmt":"2019-12-20T20:19:45","guid":{"rendered":"https:\/\/linitiative.ca\/International\/bensalah-et-gaid-salah-decores-de-lordre-national-du-merite-sadr\/"},"modified":"2019-12-20T15:19:45","modified_gmt":"2019-12-20T20:19:45","slug":"bensalah-et-gaid-salah-decores-de-lordre-national-du-merite-sadr","status":"publish","type":"post","link":"https:\/\/linitiative.ca\/International\/bensalah-et-gaid-salah-decores-de-lordre-national-du-merite-sadr\/","title":{"rendered":"Bensalah et Ga\u00efd Salah, d\u00e9cor\u00e9s  de l\u2019Ordre national du M\u00e9rite Sadr"},"content":{"rendered":"<p>A l\u2019issue de son discours d\u2019investiture, le Pr\u00e9sident\u00a0 de la R\u00e9publique a\u00a0 rendu hommage au\u00a0 chef de l\u2019Etat sortant, Abdelkader Bensalah,\u00a0 \u00abcompte tenu des efforts qu\u2019il a d\u00e9ploy\u00e9s durant toute la p\u00e9riode de sa pr\u00e9sidence, ce qui a permis la p\u00e9rennit\u00e9 de l\u2019Etat et de ses institutions \u00bb.<br \/>Le Pr\u00e9sident Tebboune a en outre rendu un vibrant hommage \u00e0 l\u2019institution militaire et \u00e0 son haut commandement pour les efforts consentis\u00a0 pour l\u2019organisation d\u2019\u00e9lections libres et transparentes dans les d\u00e9lais. \u00a0<br \/>\u00ab Je rends\u00a0 hommage notamment au moudjahid Ahmed Gaid Salah pour son r\u00f4le dans la pr\u00e9servation de la souverainet\u00e9 et la stabilit\u00e9\u00a0 du pays.<br \/>L\u2019ANP a \u00e9t\u00e9 un rempart contre l\u2019ing\u00e9rence et les complots contre l\u2019unit\u00e9 du pays\u00bb, a assur\u00e9 le Pr\u00e9sident.<br \/>Il a \u00e9galement mis en avant\u00a0 l\u2019accompagnement du Hirak populaire par l\u2019Arm\u00e9e, dans le cadre de\u00a0 la satisfaction des revendications citoyennes.<br \/>Le Pr\u00e9sident de la R\u00e9publique\u00a0 a d\u00e9cid\u00e9 de d\u00e9cerner deux ordres honorifiques, \u00e0 savoir l\u2019Ordre du M\u00e9rite national \u2018\u2018Sadr\u2019\u2019\u00a0 au Chef\u00a0 de l\u2019Etat, Abdelkader Bensalah, ainsi qu\u2019au chef d\u2019\u00e9tat-major\u00a0 de l\u2019ANP, le g\u00e9n\u00e9ral de corps d\u2019Arm\u00e9e, Ahmed Gaid Salah, \u00e0 titre exceptionnel.<br \/>Cette distinction du chef d\u2019\u00e9tat-major de l\u2019ANP\u00a0 constitue\u00a0 une premi\u00e8re dans les annales de l\u2019Alg\u00e9rie.\u00a0 C\u2019est en effet la premi\u00e8re fois qu\u2019un\u00a0 militaire est \u00e9lev\u00e9 \u00e0 cette haute distinction.<br \/>N. B.<\/p>\n<p>Auteur: elmoudjahid<br \/>\n<a href=\"http:\/\/www.elmoudjahid.com\/fr\/actualites\/146099\">Cliquez ici pour lire l&rsquo;article depuis sa source.<\/a><\/p>\n","protected":false},"excerpt":{"rendered":"<p>A l\u2019issue de son discours d\u2019investiture, le Pr\u00e9sident\u00a0 de la R\u00e9publique a\u00a0 rendu hommage au\u00a0 chef de l\u2019Etat sortant, Abdelkader Bensalah,\u00a0 \u00abcompte tenu des efforts qu\u2019il a d\u00e9ploy\u00e9s durant toute la p\u00e9riode de sa pr\u00e9sidence, ce qui a permis la p\u00e9rennit\u00e9 de l\u2019Etat et de ses institutions \u00bb.Le Pr\u00e9sident Tebboune a en outre rendu un [&hellip;]<\/p>\n","protected":false},"author":1744,"featured_media":0,"comment_status":"closed","ping_status":"closed","sticky":false,"template":"","format":"standard","meta":{"fifu_image_url":"","fifu_image_alt":"","footnotes":""},"categories":[73,53],"tags":[],"class_list":["post-70807","post","type-post","status-publish","format-standard","hentry","category-actualite","category-algerie"],"_links":{"self":[{"href":"https:\/\/linitiative.ca\/International\/wp-json\/wp\/v2\/posts\/70807","targetHints":{"allow":["GET"]}}],"collection":[{"href":"https:\/\/linitiative.ca\/International\/wp-json\/wp\/v2\/posts"}],"about":[{"href":"https:\/\/linitiative.ca\/International\/wp-json\/wp\/v2\/types\/post"}],"author":[{"embeddable":true,"href":"https:\/\/linitiative.ca\/International\/wp-json\/wp\/v2\/users\/1744"}],"replies":[{"embeddable":true,"href":"https:\/\/linitiative.ca\/International\/wp-json\/wp\/v2\/comments?post=70807"}],"version-history":[{"count":0,"href":"https:\/\/linitiative.ca\/International\/wp-json\/wp\/v2\/posts\/70807\/revisions"}],"wp:attachment":[{"href":"https:\/\/linitiative.ca\/International\/wp-json\/wp\/v2\/media?parent=70807"}],"wp:term":[{"taxonomy":"category","embeddable":true,"href":"https:\/\/linitiative.ca\/International\/wp-json\/wp\/v2\/categories?post=70807"},{"taxonomy":"post_tag","embeddable":true,"href":"https:\/\/linitiative.ca\/International\/wp-json\/wp\/v2\/tags?post=70807"}],"curies":[{"name":"wp","href":"https:\/\/api.w.org\/{rel}","templated":true}]}}