{"id":70808,"date":"2019-12-20T15:19:49","date_gmt":"2019-12-20T20:19:49","guid":{"rendered":"https:\/\/linitiative.ca\/International\/le-president-se-recueille-a-la-memoire-des-martyrs-de-la-guerre-de-liberation-nationale\/"},"modified":"2019-12-20T15:19:49","modified_gmt":"2019-12-20T20:19:49","slug":"le-president-se-recueille-a-la-memoire-des-martyrs-de-la-guerre-de-liberation-nationale","status":"publish","type":"post","link":"https:\/\/linitiative.ca\/International\/le-president-se-recueille-a-la-memoire-des-martyrs-de-la-guerre-de-liberation-nationale\/","title":{"rendered":"Le pr\u00e9sident se recueille \u00e0 la m\u00e9moire  des martyrs de la guerre de lib\u00e9ration nationale"},"content":{"rendered":"<p>Le pr\u00e9sident s\u2019est recueilli jeudi \u00e0 Maqam El Chahid (sanctuaire du Martyr) \u00e0 Alger, \u00e0 la m\u00e9moire des Martyrs de la guerre de Lib\u00e9ration nationale. Apr\u00e8s avoir salu\u00e9 un d\u00e9tachement de la Garde r\u00e9publicaine qui lui a rendu les honneurs, le pr\u00e9sident de la R\u00e9publique a d\u00e9pos\u00e9 une gerbe de fleurs devant la st\u00e8le comm\u00e9morative et r\u00e9cit\u00e9 la Fatiha du Saint Coran \u00e0 la m\u00e9moire des Martyrs.<\/p>\n<p>Auteur: elmoudjahid<br \/>\n<a href=\"http:\/\/www.elmoudjahid.com\/fr\/actualites\/146100\">Cliquez ici pour lire l&rsquo;article depuis sa source.<\/a><\/p>\n","protected":false},"excerpt":{"rendered":"<p>Le pr\u00e9sident s\u2019est recueilli jeudi \u00e0 Maqam El Chahid (sanctuaire du Martyr) \u00e0 Alger, \u00e0 la m\u00e9moire des Martyrs de la guerre de Lib\u00e9ration nationale. Apr\u00e8s avoir salu\u00e9 un d\u00e9tachement de la Garde r\u00e9publicaine qui lui a rendu les honneurs, le pr\u00e9sident de la R\u00e9publique a d\u00e9pos\u00e9 une gerbe de fleurs devant la st\u00e8le comm\u00e9morative [&hellip;]<\/p>\n","protected":false},"author":1744,"featured_media":0,"comment_status":"closed","ping_status":"closed","sticky":false,"template":"","format":"standard","meta":{"fifu_image_url":"","fifu_image_alt":"","footnotes":""},"categories":[73,53],"tags":[],"class_list":["post-70808","post","type-post","status-publish","format-standard","hentry","category-actualite","category-algerie"],"_links":{"self":[{"href":"https:\/\/linitiative.ca\/International\/wp-json\/wp\/v2\/posts\/70808","targetHints":{"allow":["GET"]}}],"collection":[{"href":"https:\/\/linitiative.ca\/International\/wp-json\/wp\/v2\/posts"}],"about":[{"href":"https:\/\/linitiative.ca\/International\/wp-json\/wp\/v2\/types\/post"}],"author":[{"embeddable":true,"href":"https:\/\/linitiative.ca\/International\/wp-json\/wp\/v2\/users\/1744"}],"replies":[{"embeddable":true,"href":"https:\/\/linitiative.ca\/International\/wp-json\/wp\/v2\/comments?post=70808"}],"version-history":[{"count":0,"href":"https:\/\/linitiative.ca\/International\/wp-json\/wp\/v2\/posts\/70808\/revisions"}],"wp:attachment":[{"href":"https:\/\/linitiative.ca\/International\/wp-json\/wp\/v2\/media?parent=70808"}],"wp:term":[{"taxonomy":"category","embeddable":true,"href":"https:\/\/linitiative.ca\/International\/wp-json\/wp\/v2\/categories?post=70808"},{"taxonomy":"post_tag","embeddable":true,"href":"https:\/\/linitiative.ca\/International\/wp-json\/wp\/v2\/tags?post=70808"}],"curies":[{"name":"wp","href":"https:\/\/api.w.org\/{rel}","templated":true}]}}