{"id":70814,"date":"2019-12-20T11:00:00","date_gmt":"2019-12-20T16:00:00","guid":{"rendered":"https:\/\/linitiative.ca\/International\/le-president-tebboune-a-prete-serment-cap-vers-la-nouvelle-republique\/"},"modified":"2019-12-20T11:00:00","modified_gmt":"2019-12-20T16:00:00","slug":"le-president-tebboune-a-prete-serment-cap-vers-la-nouvelle-republique","status":"publish","type":"post","link":"https:\/\/linitiative.ca\/International\/le-president-tebboune-a-prete-serment-cap-vers-la-nouvelle-republique\/","title":{"rendered":"LE PRESIDENT TEBBOUNE A PRETE SERMENT : Cap vers la \u00ab\u00a0Nouvelle R\u00e9publique\u00a0\u00bb"},"content":{"rendered":"<p><br id=\"sep_para_1\" class=\"sep_para access\"\/><\/p>\n<div id=\"para_1\" class=\"para_34570704 resize\">\n<div class=\"photo shadow left\"><a href=\"javascript:void(0)\" rel=\"https:\/\/www.reflexiondz.net\/photo\/art\/grande\/40956755-34570704.jpg?v=1576865834&#038;ibox\" title=\"LE PRESIDENT TEBBOUNE A PRETE SERMENT : Cap vers la \"Nouvelle R\u00e9publique\"\"><img decoding=\"async\" class=\"responsive c9\" src=\"https:\/\/www.reflexiondz.net\/photo\/art\/grande\/40956755-34570704.jpg?v=1576865834\" alt=\"LE PRESIDENT TEBBOUNE A PRETE SERMENT : Cap vers la \"Nouvelle R\u00e9publique\"\" title=\"LE PRESIDENT TEBBOUNE A PRETE SERMENT : Cap vers la \"Nouvelle R\u00e9publique\"\"\/><img decoding=\"async\" class=\"not-responsive\" src=\"https:\/\/www.reflexiondz.net\/photo\/art\/default\/40956755-34570704.jpg?v=1576865836\" alt=\"LE PRESIDENT TEBBOUNE A PRETE SERMENT : Cap vers la \"Nouvelle R\u00e9publique\"\" title=\"LE PRESIDENT TEBBOUNE A PRETE SERMENT : Cap vers la \"Nouvelle R\u00e9publique\"\"\/><\/a><\/div>\n<div class=\"texte access firstletter\">Dans un discours prononc\u00e9 \u00e0 l&rsquo;issue de la c\u00e9r\u00e9monie de prestation de serment et en pr\u00e9sence des repr\u00e9sentants de toutes les institutions de l&rsquo;Etat, M. Tebboune a esquiss\u00e9 les grandes lignes du programme qu&rsquo;il compte mettre en \u0153uvre sans d\u00e9lai, eu \u00e9gard \u00e0 la \u00ab\u00a0sensibilit\u00e9\u00a0\u00bb de la conjoncture. A l&rsquo;entame de son discours, le Pr\u00e9sident a salu\u00e9 le \u00ab\u00a0sursaut national\u00a0\u00bb qui s&rsquo;est manifest\u00e9 \u00e0 l&rsquo;occasion de l&rsquo;\u00e9lection pr\u00e9sidentielle du 12 d\u00e9cembre, \u00e9vitant de mettre en p\u00e9ril la p\u00e9rennit\u00e9 de l&rsquo;Etat, ainsi que le \u00ab\u00a0grand r\u00f4le\u00a0\u00bb assum\u00e9 par l&rsquo;Arm\u00e9e nationale populaire (ANP) dans la d\u00e9fense de la souverainet\u00e9 nationale, la sauvegarde de la stabilit\u00e9 du pays et l&rsquo;accompagnement du Hirak (le mouvement populaire n\u00e9 le 22 f\u00e9vrier). Le chef de l&rsquo;Etat a appel\u00e9 \u00e0 l&rsquo;unit\u00e9 de tous, quelles que soient les divergences, et \u00e0 mettre la main dans la main pour construire la \u00ab\u00a0Nouvelle R\u00e9publique, forte et respect\u00e9e\u00a0\u00bb, sur la base des principes de la R\u00e9volution de Novembre 54 qui est \u00ab\u00a0notre r\u00e9f\u00e9rent\u00a0\u00bb. Dans la perspective de l&rsquo;av\u00e8nement de cette Nouvelle R\u00e9publique, M. Tebboune a soulign\u00e9 que l&rsquo;Alg\u00e9rie avait besoin d&rsquo;\u00e9tablir des priorit\u00e9s. Dans ce contexte, il a affirm\u00e9 que l&rsquo;Etat sera \u00e0 l&rsquo;\u00e9coute des \u00ab\u00a0aspirations profondes\u00a0\u00bb du peuple, notamment pour une \u00ab\u00a0nouvelle gouvernance, l&rsquo;Etat de droit, la justice sociale et les libert\u00e9s d\u00e9mocratiques\u00a0\u00bb. Il a estim\u00e9 que pour relever les d\u00e9fis qui se posent, il \u00e9tait n\u00e9cessaire de d\u00e9passer la situation actuelle, relevant, \u00e0 cet \u00e9gard, que la confiance du peuple en les institutions de l&rsquo;Etat devait \u00eatre r\u00e9tablie. Parmi les points figurant sur sa feuille de route, le pr\u00e9sident de la R\u00e9publique a cit\u00e9 la lutte \u00ab\u00a0organis\u00e9e\u00a0\u00bb contre la corruption et l&rsquo;esprit de distribution \u00ab\u00a0anarchique\u00a0\u00bb de la rente. Rappelant ses engagements contract\u00e9s durant la campagne \u00e9lectorale, le pr\u00e9sident de la R\u00e9publique a mis l&rsquo;accent sur un amendement de la Constitution dont les principaux contours porteront sur la limitation du renouvellement du mandat pr\u00e9sidentiel \u00e0 une seule fois, la r\u00e9duction des pr\u00e9rogatives du Pr\u00e9sident pour pr\u00e9venir les d\u00e9rives autocratiques, la s\u00e9paration et l&rsquo;\u00e9quilibre des pouvoirs et la cons\u00e9cration de la protection des droits de l&rsquo;Homme, des libert\u00e9s individuels, collectives, de la presse et de manifestation. Le chef de l&rsquo;Etat se fixe, \u00e9galement pour priorit\u00e9, de moraliser la vie politique et de restituer la cr\u00e9dibilit\u00e9 aux institutions \u00e9lues \u00e0 travers la r\u00e9vision de la loi \u00e9lectorale, notamment les conditions relatives \u00e0 l&rsquo;\u00e9ligibilit\u00e9.<\/div>\n<\/div>\n<p>Auteur: Ismain<br \/>\n<a href=\"https:\/\/www.reflexiondz.net\/LE-PRESIDENT-TEBBOUNE-A-PRETE-SERMENT-Cap-vers-la-Nouvelle-Republique_a59507.html\">Cliquez ici pour lire l&rsquo;article depuis sa source.<\/a><\/p>\n","protected":false},"excerpt":{"rendered":"<p>Dans un discours prononc\u00e9 \u00e0 l&rsquo;issue de la c\u00e9r\u00e9monie de prestation de serment et en pr\u00e9sence des repr\u00e9sentants de toutes les institutions de l&rsquo;Etat, M. Tebboune a esquiss\u00e9 les grandes lignes du programme qu&rsquo;il compte mettre en \u0153uvre sans d\u00e9lai, eu \u00e9gard \u00e0 la \u00ab\u00a0sensibilit\u00e9\u00a0\u00bb de la conjoncture. A l&rsquo;entame de son discours, le Pr\u00e9sident [&hellip;]<\/p>\n","protected":false},"author":1740,"featured_media":0,"comment_status":"closed","ping_status":"closed","sticky":false,"template":"","format":"standard","meta":{"fifu_image_url":"","fifu_image_alt":"","footnotes":""},"categories":[53,76],"tags":[],"class_list":["post-70814","post","type-post","status-publish","format-standard","hentry","category-algerie","category-regions"],"_links":{"self":[{"href":"https:\/\/linitiative.ca\/International\/wp-json\/wp\/v2\/posts\/70814","targetHints":{"allow":["GET"]}}],"collection":[{"href":"https:\/\/linitiative.ca\/International\/wp-json\/wp\/v2\/posts"}],"about":[{"href":"https:\/\/linitiative.ca\/International\/wp-json\/wp\/v2\/types\/post"}],"author":[{"embeddable":true,"href":"https:\/\/linitiative.ca\/International\/wp-json\/wp\/v2\/users\/1740"}],"replies":[{"embeddable":true,"href":"https:\/\/linitiative.ca\/International\/wp-json\/wp\/v2\/comments?post=70814"}],"version-history":[{"count":0,"href":"https:\/\/linitiative.ca\/International\/wp-json\/wp\/v2\/posts\/70814\/revisions"}],"wp:attachment":[{"href":"https:\/\/linitiative.ca\/International\/wp-json\/wp\/v2\/media?parent=70814"}],"wp:term":[{"taxonomy":"category","embeddable":true,"href":"https:\/\/linitiative.ca\/International\/wp-json\/wp\/v2\/categories?post=70814"},{"taxonomy":"post_tag","embeddable":true,"href":"https:\/\/linitiative.ca\/International\/wp-json\/wp\/v2\/tags?post=70814"}],"curies":[{"name":"wp","href":"https:\/\/api.w.org\/{rel}","templated":true}]}}