{"id":70815,"date":"2019-12-20T11:00:00","date_gmt":"2019-12-20T16:00:00","guid":{"rendered":"https:\/\/linitiative.ca\/International\/mila-reddition-dun-dangereux-terroriste-aux-autorites-militaires\/"},"modified":"2019-12-20T11:00:00","modified_gmt":"2019-12-20T16:00:00","slug":"mila-reddition-dun-dangereux-terroriste-aux-autorites-militaires","status":"publish","type":"post","link":"https:\/\/linitiative.ca\/International\/mila-reddition-dun-dangereux-terroriste-aux-autorites-militaires\/","title":{"rendered":"MILA : Reddition d&rsquo;un dangereux terroriste aux autorit\u00e9s militaires"},"content":{"rendered":"<p><br id=\"sep_para_1\" class=\"sep_para access\"\/><\/p>\n<div id=\"para_1\" class=\"para_34570692 resize\">\n<div class=\"texte access firstletter\">Un terroriste s&rsquo;est livr\u00e9 jeudi soir aux forces de s\u00e9curit\u00e9 dans la wilaya de\u00a0 Mila, indique un communiqu\u00e9 du minist\u00e8re de la\u00a0 D\u00e9fense (MDN). \u00ab\u00a0Dans le cadre de la lutte antiterroriste et gr\u00e2ce aux efforts des forces de l&rsquo;Arm\u00e9e nationale populaire, le dangereux terroriste d\u00e9nomm\u00e9 \u00abCherouana Abdelmoumen\u00bb alias \u00abAbou El Baraa\u00bb s&rsquo;est rendu, le soir du 19 d\u00e9cembre 2019, aux autorit\u00e9s militaires dans la localit\u00e9 de Kaf-Bou-Naadja, commune de Grarem, wilaya de Mila en 5\u00e8me R\u00e9gion Militaire\u00a0\u00bb, pr\u00e9cise ma m\u00eame source.\u00a0 Le terroriste repenti, qui a ralli\u00e9 les groupes terroristes en 2012, \u00ab\u00a0\u00e9tait en possession d&rsquo;un\u00a0 pistolet mitrailleur de type Kalachnikov et de deux chargeurs garnis de munitions. Il convient de signaler que ledit terroriste est le fr\u00e8re du dangereux terroriste \u00abCherouana Abdelhamid\u00bb, abattu, le 19 novembre 2018, par un d\u00e9tachement de l&rsquo;Arm\u00e9e Nationale Populaire dans la zone d&rsquo;Ouled-Mohamed, wilaya de Mila (5\u00e8me\u00a0 RM)\u00a0\u00bb, ajoute la m\u00eame source.\u00a0\u00a0\u00a0\u00a0\u00a0\u00a0<\/div>\n<\/div>\n<p>Auteur: Nadine<br \/>\n<a href=\"https:\/\/www.reflexiondz.net\/MILA-Reddition-d-un-dangereux-terroriste-aux-autorites-militaires_a59506.html\">Cliquez ici pour lire l&rsquo;article depuis sa source.<\/a><\/p>\n","protected":false},"excerpt":{"rendered":"<p>Un terroriste s&rsquo;est livr\u00e9 jeudi soir aux forces de s\u00e9curit\u00e9 dans la wilaya de\u00a0 Mila, indique un communiqu\u00e9 du minist\u00e8re de la\u00a0 D\u00e9fense (MDN). \u00ab\u00a0Dans le cadre de la lutte antiterroriste et gr\u00e2ce aux efforts des forces de l&rsquo;Arm\u00e9e nationale populaire, le dangereux terroriste d\u00e9nomm\u00e9 \u00abCherouana Abdelmoumen\u00bb alias \u00abAbou El Baraa\u00bb s&rsquo;est rendu, le soir [&hellip;]<\/p>\n","protected":false},"author":1740,"featured_media":0,"comment_status":"closed","ping_status":"closed","sticky":false,"template":"","format":"standard","meta":{"fifu_image_url":"","fifu_image_alt":"","footnotes":""},"categories":[53,76],"tags":[],"class_list":["post-70815","post","type-post","status-publish","format-standard","hentry","category-algerie","category-regions"],"_links":{"self":[{"href":"https:\/\/linitiative.ca\/International\/wp-json\/wp\/v2\/posts\/70815","targetHints":{"allow":["GET"]}}],"collection":[{"href":"https:\/\/linitiative.ca\/International\/wp-json\/wp\/v2\/posts"}],"about":[{"href":"https:\/\/linitiative.ca\/International\/wp-json\/wp\/v2\/types\/post"}],"author":[{"embeddable":true,"href":"https:\/\/linitiative.ca\/International\/wp-json\/wp\/v2\/users\/1740"}],"replies":[{"embeddable":true,"href":"https:\/\/linitiative.ca\/International\/wp-json\/wp\/v2\/comments?post=70815"}],"version-history":[{"count":0,"href":"https:\/\/linitiative.ca\/International\/wp-json\/wp\/v2\/posts\/70815\/revisions"}],"wp:attachment":[{"href":"https:\/\/linitiative.ca\/International\/wp-json\/wp\/v2\/media?parent=70815"}],"wp:term":[{"taxonomy":"category","embeddable":true,"href":"https:\/\/linitiative.ca\/International\/wp-json\/wp\/v2\/categories?post=70815"},{"taxonomy":"post_tag","embeddable":true,"href":"https:\/\/linitiative.ca\/International\/wp-json\/wp\/v2\/tags?post=70815"}],"curies":[{"name":"wp","href":"https:\/\/api.w.org\/{rel}","templated":true}]}}