{"id":70816,"date":"2019-12-20T11:03:00","date_gmt":"2019-12-20T16:03:00","guid":{"rendered":"https:\/\/linitiative.ca\/International\/dahmoune-limoge-pour-tentative-de-fraude\/"},"modified":"2019-12-20T11:03:00","modified_gmt":"2019-12-20T16:03:00","slug":"dahmoune-limoge-pour-tentative-de-fraude","status":"publish","type":"post","link":"https:\/\/linitiative.ca\/International\/dahmoune-limoge-pour-tentative-de-fraude\/","title":{"rendered":"Dahmoune limog\u00e9 pour \u2018\u2019tentative de fraude\u2019\u2019"},"content":{"rendered":"<p><br id=\"sep_para_1\" class=\"sep_para access\"\/><\/p>\n<div id=\"para_1\" class=\"para_34570743 resize\">\n<div class=\"photo shadow left\"><a href=\"javascript:void(0)\" rel=\"https:\/\/www.reflexiondz.net\/photo\/art\/grande\/40956857-34570743.jpg?v=1576865817&#038;ibox\" title=\"Dahmoune limog\u00e9 pour \u2018\u2019tentative de fraude\u2019\u2019\"><img decoding=\"async\" class=\"responsive c9\" src=\"https:\/\/www.reflexiondz.net\/photo\/art\/grande\/40956857-34570743.jpg?v=1576865817\" alt=\"Dahmoune limog\u00e9 pour \u2018\u2019tentative de fraude\u2019\u2019\" title=\"Dahmoune limog\u00e9 pour \u2018\u2019tentative de fraude\u2019\u2019\"\/><img decoding=\"async\" class=\"not-responsive\" src=\"https:\/\/www.reflexiondz.net\/photo\/art\/default\/40956857-34570743.jpg?v=1576865818\" alt=\"Dahmoune limog\u00e9 pour \u2018\u2019tentative de fraude\u2019\u2019\" title=\"Dahmoune limog\u00e9 pour \u2018\u2019tentative de fraude\u2019\u2019\"\/><\/a><\/div>\n<div class=\"texte access firstletter\">Selon plusieurs sources, Abdelmadjid Tebboune, le nouveau pr\u00e9sident de la R\u00e9publique, n\u2019a pas limog\u00e9 Salah Eddine Dahmoune, le ministre de l\u2019Int\u00e9rieur, \u00e0 cause de son d\u00e9rapage verbal inqualifiable et unique en son genre \u00e0 l\u2019\u00e9gard des manifestants du Hirak, mais \u00e0 cause\u00a0 de son implication directe dans des man\u0153uvres visant \u00e0 favoriser le candidat Azzedine Mihoubi lors de la derni\u00e8re \u00e9lection pr\u00e9sidentielle. Des rapports d\u00e9taill\u00e9s auraient \u00e9t\u00e9 adress\u00e9s \u00e0 la pr\u00e9sidence de la R\u00e9publique concernant le r\u00f4le jou\u00e9 par Salah Eddine Dahmoune en faveur du candidat du RND Azzedine Mihoubi \u00e0 travers des pressions exerc\u00e9es sur les walis. S\u2019appuyant sur ses m\u00eames donn\u00e9es, Tebboune a rapidement pris la d\u00e9cision de se s\u00e9parer d\u00e8s son premier jour au Palais pr\u00e9sidentiel d\u2019El-Mouradia de ce haut responsable transfuge qui aurait abus\u00e9 de ses fonctions pour instrumentaliser l\u2019appareil de l\u2019Etat au service des int\u00e9r\u00eats politiciens. Aussi, le d\u00e9sormais ex-ministre de l\u2019int\u00e9rieur Salaheddine Dahmoune est contraint de faire face \u00e0 une plainte d\u00e9pos\u00e9e contre lui au tribunal de Sidi M\u2019hamed, par un collectif de citoyens appuy\u00e9s par des avocats.\u00a0 Cette plainte pour \u00ab insultes et injures\u00bb intervient apr\u00e8s les d\u00e9clarations de Salah Eddine Dahmoune, le 3 d\u00e9cembre, qui a qualifi\u00e9 les opposants \u00e0 la pr\u00e9sidentielle du 12 d\u00e9cembre de \u00ab tra\u00eetres, mercenaires, pervers et homosexuels \u00bb qui \u00ab v\u00e9hiculent les id\u00e9es restantes du colonialisme \u00bb. Des d\u00e9clarations qui rappelons-le ont suscit\u00e9 l\u2019indignation de beaucoup d\u2019Alg\u00e9riens. Selon ma\u00eetre Saliha Allouache la plainte a \u00e9t\u00e9 accept\u00e9e et sign\u00e9e par la procureure principale dudit tribunal. Les plaignants \u2018\u2019plaident\u2019\u2019 l\u2019atteinte \u00e0 l\u2019unit\u00e9 nationale, et l\u2019int\u00e9grit\u00e9 du territoire, affirme l\u2019avocate. Expliquant : \u00ab les propos tenus par Salaheddine Dahmoune, sont un danger pour l\u2019unit\u00e9 nationale, ils auraient pu causer, de graves discordes entre les citoyens alg\u00e9riens. En plus il s\u2019est attaqu\u00e9 \u00e0 la dignit\u00e9 de toute une nation cela est inacceptable \u00bb. Elle affirme en outre, que d\u2019autres citoyens vont saisir de la justice le m\u00eame motif dans les prochains jours.<\/div>\n<\/div>\n<p>Auteur: R\u00e9flexion<br \/>\n<a href=\"https:\/\/www.reflexiondz.net\/Dahmoune-limoge-pour-tentative-de-fraude_a59511.html\">Cliquez ici pour lire l&rsquo;article depuis sa source.<\/a><\/p>\n","protected":false},"excerpt":{"rendered":"<p>Selon plusieurs sources, Abdelmadjid Tebboune, le nouveau pr\u00e9sident de la R\u00e9publique, n\u2019a pas limog\u00e9 Salah Eddine Dahmoune, le ministre de l\u2019Int\u00e9rieur, \u00e0 cause de son d\u00e9rapage verbal inqualifiable et unique en son genre \u00e0 l\u2019\u00e9gard des manifestants du Hirak, mais \u00e0 cause\u00a0 de son implication directe dans des man\u0153uvres visant \u00e0 favoriser le candidat Azzedine [&hellip;]<\/p>\n","protected":false},"author":1740,"featured_media":0,"comment_status":"closed","ping_status":"closed","sticky":false,"template":"","format":"standard","meta":{"fifu_image_url":"","fifu_image_alt":"","footnotes":""},"categories":[53,76],"tags":[],"class_list":["post-70816","post","type-post","status-publish","format-standard","hentry","category-algerie","category-regions"],"_links":{"self":[{"href":"https:\/\/linitiative.ca\/International\/wp-json\/wp\/v2\/posts\/70816","targetHints":{"allow":["GET"]}}],"collection":[{"href":"https:\/\/linitiative.ca\/International\/wp-json\/wp\/v2\/posts"}],"about":[{"href":"https:\/\/linitiative.ca\/International\/wp-json\/wp\/v2\/types\/post"}],"author":[{"embeddable":true,"href":"https:\/\/linitiative.ca\/International\/wp-json\/wp\/v2\/users\/1740"}],"replies":[{"embeddable":true,"href":"https:\/\/linitiative.ca\/International\/wp-json\/wp\/v2\/comments?post=70816"}],"version-history":[{"count":0,"href":"https:\/\/linitiative.ca\/International\/wp-json\/wp\/v2\/posts\/70816\/revisions"}],"wp:attachment":[{"href":"https:\/\/linitiative.ca\/International\/wp-json\/wp\/v2\/media?parent=70816"}],"wp:term":[{"taxonomy":"category","embeddable":true,"href":"https:\/\/linitiative.ca\/International\/wp-json\/wp\/v2\/categories?post=70816"},{"taxonomy":"post_tag","embeddable":true,"href":"https:\/\/linitiative.ca\/International\/wp-json\/wp\/v2\/tags?post=70816"}],"curies":[{"name":"wp","href":"https:\/\/api.w.org\/{rel}","templated":true}]}}