{"id":70817,"date":"2019-12-20T11:03:00","date_gmt":"2019-12-20T16:03:00","guid":{"rendered":"https:\/\/linitiative.ca\/International\/bengrina-appelle-a-ouvrir-le-dossier-bouteflika\/"},"modified":"2019-12-20T11:03:00","modified_gmt":"2019-12-20T16:03:00","slug":"bengrina-appelle-a-ouvrir-le-dossier-bouteflika","status":"publish","type":"post","link":"https:\/\/linitiative.ca\/International\/bengrina-appelle-a-ouvrir-le-dossier-bouteflika\/","title":{"rendered":"Bengrina appelle \u00e0 ouvrir le Dossier Bouteflika !"},"content":{"rendered":"<p><br id=\"sep_para_1\" class=\"sep_para access\"\/><\/p>\n<div id=\"para_1\" class=\"para_34570745 resize\">\n<div class=\"texte access firstletter\">Dans une sortie in\u00e9dite, Abdelkader Bengrina, pr\u00e9sident du mouvement El Bina \u00a0\u00a0 \u00a0a \u00e9voqu\u00e9 l\u2019ouverture d\u2019enqu\u00eates sur les responsables et acteurs ayant rassembl\u00e9 6 millions de signatures au profit de l\u2019ex-pr\u00e9sident Abdelaziz Bouteflika. En effet, dans son intervention, le pr\u00e9sident d\u2019El Bina\u00a0 a appel\u00e9 l\u2019institution judiciaire \u00e0 pers\u00e9v\u00e9rer dans la lutte contre la corruption politique. Pour lui, l\u2019\u00e9radication de la corruption politique est un imp\u00e9ratif si on veut pr\u00e9server les acquis futurs. Il estime, dans ses propos rapport\u00e9s par le site Ennahar Online, ce vendredi 20 d\u00e9cembre, que la r\u00e9cup\u00e9ration de la R\u00e9publique exige de profondes r\u00e9formes au niveau de la constitution. Et ce, dit-il, afin de pr\u00e9server l\u2019\u00e9quilibre des diff\u00e9rentes institutions et de redonner au Parlement son droit de regard et de contr\u00f4le.<\/div>\n<\/div>\n<p>Auteur: R\u00e9flexion<br \/>\n<a href=\"https:\/\/www.reflexiondz.net\/Bengrina-appelle-a-ouvrir-le-Dossier-Bouteflika-_a59512.html\">Cliquez ici pour lire l&rsquo;article depuis sa source.<\/a><\/p>\n","protected":false},"excerpt":{"rendered":"<p>Dans une sortie in\u00e9dite, Abdelkader Bengrina, pr\u00e9sident du mouvement El Bina \u00a0\u00a0 \u00a0a \u00e9voqu\u00e9 l\u2019ouverture d\u2019enqu\u00eates sur les responsables et acteurs ayant rassembl\u00e9 6 millions de signatures au profit de l\u2019ex-pr\u00e9sident Abdelaziz Bouteflika. En effet, dans son intervention, le pr\u00e9sident d\u2019El Bina\u00a0 a appel\u00e9 l\u2019institution judiciaire \u00e0 pers\u00e9v\u00e9rer dans la lutte contre la corruption politique. [&hellip;]<\/p>\n","protected":false},"author":1740,"featured_media":0,"comment_status":"closed","ping_status":"closed","sticky":false,"template":"","format":"standard","meta":{"fifu_image_url":"","fifu_image_alt":"","footnotes":""},"categories":[53,76],"tags":[],"class_list":["post-70817","post","type-post","status-publish","format-standard","hentry","category-algerie","category-regions"],"_links":{"self":[{"href":"https:\/\/linitiative.ca\/International\/wp-json\/wp\/v2\/posts\/70817","targetHints":{"allow":["GET"]}}],"collection":[{"href":"https:\/\/linitiative.ca\/International\/wp-json\/wp\/v2\/posts"}],"about":[{"href":"https:\/\/linitiative.ca\/International\/wp-json\/wp\/v2\/types\/post"}],"author":[{"embeddable":true,"href":"https:\/\/linitiative.ca\/International\/wp-json\/wp\/v2\/users\/1740"}],"replies":[{"embeddable":true,"href":"https:\/\/linitiative.ca\/International\/wp-json\/wp\/v2\/comments?post=70817"}],"version-history":[{"count":0,"href":"https:\/\/linitiative.ca\/International\/wp-json\/wp\/v2\/posts\/70817\/revisions"}],"wp:attachment":[{"href":"https:\/\/linitiative.ca\/International\/wp-json\/wp\/v2\/media?parent=70817"}],"wp:term":[{"taxonomy":"category","embeddable":true,"href":"https:\/\/linitiative.ca\/International\/wp-json\/wp\/v2\/categories?post=70817"},{"taxonomy":"post_tag","embeddable":true,"href":"https:\/\/linitiative.ca\/International\/wp-json\/wp\/v2\/tags?post=70817"}],"curies":[{"name":"wp","href":"https:\/\/api.w.org\/{rel}","templated":true}]}}