{"id":70818,"date":"2019-12-20T11:03:00","date_gmt":"2019-12-20T16:03:00","guid":{"rendered":"https:\/\/linitiative.ca\/International\/belkhadem-appelle-a-aider-tebboune\/"},"modified":"2019-12-20T11:03:00","modified_gmt":"2019-12-20T16:03:00","slug":"belkhadem-appelle-a-aider-tebboune","status":"publish","type":"post","link":"https:\/\/linitiative.ca\/International\/belkhadem-appelle-a-aider-tebboune\/","title":{"rendered":"Belkhadem appelle \u00e0 aider Tebboune"},"content":{"rendered":"<p><br id=\"sep_para_1\" class=\"sep_para access\"\/><\/p>\n<div id=\"para_1\" class=\"para_34570747 resize\">\n<div class=\"texte access firstletter\">Apres s\u2019\u00eatre \u00e9clips\u00e9 de la sc\u00e8ne politique, l\u2019ancien chef de gouvernement, sous la pr\u00e9sidence de Bouteflika, Abdelaziz Belkhadem,\u00a0 a \u00e9t\u00e9 parmi les pr\u00e9sents \u00e0 la c\u00e9r\u00e9monie de prestation de serment du nouveau pr\u00e9sident \u00e9lu, M Abdelmajid Tebboune, En effet, l\u2019ancien chef du gouvernement de Bouteflika, Abdelaziz Belkhadem, a appel\u00e9\u00a0 \u00e0 aider le pr\u00e9sident Abdelmadjid Tebboune car, selon lui, il a de bonnes intentions. \u00ab Nous devons aider le nouveau pr\u00e9sident pour surmonter la situation politique actuelle, et c\u2019est lui qui a demand\u00e9 de l\u2019aide lors de son discours \u00bb, a d\u00e9clar\u00e9 l\u2019ex-secr\u00e9taire g\u00e9n\u00e9ral du FLN.\u00a0 Il faut rappeler que Belkhadem \u00e9tait l\u2019un des piliers du r\u00e9gime Bouteflika, m\u00eame s\u2019il a \u00e9t\u00e9 banni en 2014.<\/div>\n<\/div>\n<p>Auteur: R\u00e9flexion<br \/>\n<a href=\"https:\/\/www.reflexiondz.net\/Belkhadem-appelle-a-aider-Tebboune_a59513.html\">Cliquez ici pour lire l&rsquo;article depuis sa source.<\/a><\/p>\n","protected":false},"excerpt":{"rendered":"<p>Apres s\u2019\u00eatre \u00e9clips\u00e9 de la sc\u00e8ne politique, l\u2019ancien chef de gouvernement, sous la pr\u00e9sidence de Bouteflika, Abdelaziz Belkhadem,\u00a0 a \u00e9t\u00e9 parmi les pr\u00e9sents \u00e0 la c\u00e9r\u00e9monie de prestation de serment du nouveau pr\u00e9sident \u00e9lu, M Abdelmajid Tebboune, En effet, l\u2019ancien chef du gouvernement de Bouteflika, Abdelaziz Belkhadem, a appel\u00e9\u00a0 \u00e0 aider le pr\u00e9sident Abdelmadjid Tebboune [&hellip;]<\/p>\n","protected":false},"author":1740,"featured_media":0,"comment_status":"closed","ping_status":"closed","sticky":false,"template":"","format":"standard","meta":{"fifu_image_url":"","fifu_image_alt":"","footnotes":""},"categories":[53,76],"tags":[],"class_list":["post-70818","post","type-post","status-publish","format-standard","hentry","category-algerie","category-regions"],"_links":{"self":[{"href":"https:\/\/linitiative.ca\/International\/wp-json\/wp\/v2\/posts\/70818","targetHints":{"allow":["GET"]}}],"collection":[{"href":"https:\/\/linitiative.ca\/International\/wp-json\/wp\/v2\/posts"}],"about":[{"href":"https:\/\/linitiative.ca\/International\/wp-json\/wp\/v2\/types\/post"}],"author":[{"embeddable":true,"href":"https:\/\/linitiative.ca\/International\/wp-json\/wp\/v2\/users\/1740"}],"replies":[{"embeddable":true,"href":"https:\/\/linitiative.ca\/International\/wp-json\/wp\/v2\/comments?post=70818"}],"version-history":[{"count":0,"href":"https:\/\/linitiative.ca\/International\/wp-json\/wp\/v2\/posts\/70818\/revisions"}],"wp:attachment":[{"href":"https:\/\/linitiative.ca\/International\/wp-json\/wp\/v2\/media?parent=70818"}],"wp:term":[{"taxonomy":"category","embeddable":true,"href":"https:\/\/linitiative.ca\/International\/wp-json\/wp\/v2\/categories?post=70818"},{"taxonomy":"post_tag","embeddable":true,"href":"https:\/\/linitiative.ca\/International\/wp-json\/wp\/v2\/tags?post=70818"}],"curies":[{"name":"wp","href":"https:\/\/api.w.org\/{rel}","templated":true}]}}