{"id":70822,"date":"2019-12-20T11:27:00","date_gmt":"2019-12-20T16:27:00","guid":{"rendered":"https:\/\/linitiative.ca\/International\/in-memoriam-bechir-abdelmoula-1954-2018\/"},"modified":"2019-12-20T11:27:00","modified_gmt":"2019-12-20T16:27:00","slug":"in-memoriam-bechir-abdelmoula-1954-2018","status":"publish","type":"post","link":"https:\/\/linitiative.ca\/International\/in-memoriam-bechir-abdelmoula-1954-2018\/","title":{"rendered":"In Memoriam: B\u00e9chir Abdelmoula 1954 -2018"},"content":{"rendered":"<p>Il y a un an, nous quittait notre ami, notre compagnon le Docteur B\u00e9chir Abdelmoula, c\u2019\u00e9tait le 22 d\u00e9cembre 2018.<\/p>\n<p>Notre pens\u00e9e va tout d\u2019abord \u00e0 Sonia, son \u00e9pouse, ses deux gar\u00e7ons Hassen et Khalil qu\u2019il adorait tant , \u00e0 sa m\u00e8re et \u00e0 toute sa famille,\u00a0 qui supportent\u00a0 cette grande douleur et cette grande perte.<\/p>\n<p>B\u00e9chir \u00e9tait un grand compagnon, fid\u00e8le \u00e0 ses principes et \u00e0 ses amis. Initi\u00e9 \u00e0 la canc\u00e9rologie au Centre anti canc\u00e9reux de Tunis, l\u2019Institut Salah Azaiez de Bab Saadoun, il\u00a0 lui a donn\u00e9 l\u2019amour de la canc\u00e9rologie.<\/p>\n<p>Il est parti en France finir sa m\u00e9decine et sa sp\u00e9cialit\u00e9 en radiologie en particulier \u00e0 l\u2019Institut Gustave Roussy \u00e0 Villejuif, avec les grands maitres de la carcinologie Fran\u00e7aise.<\/p>\n<p>Il est rentr\u00e9 en Tunisie , ou il a \u00e9t\u00e9 co-Fondateur du Centre Ibn Zohr, o\u00f9 il a\u00a0 cr\u00e9\u00e9 la premi\u00e8re unit\u00e9 de S\u00e9nologie compl\u00e8te en Tunisie, il est devenu la r\u00e9f\u00e9rence dans ce domaine.<\/p>\n<p>Il a pu cr\u00e9er en si peu de temps une \u00e9cole de s\u00e9nologie Tunisienne, il a su la faire survivre apr\u00e8s lui\u00a0 avec\u00a0 comp\u00e9tence et respect pour sa m\u00e9moire et son enseignement.<\/p>\n<p>Les radiologues du Centre de Radiologie Ibn Zohr prient tous ses amis, ses coll\u00e8gues, ses patients, tous ceux qui l\u2019ont\u00a0 connu, d\u2019avoir\u00a0 une pens\u00e9e au grand homme qu\u2019il a \u00e9t\u00e9, l\u2019ami fid\u00e8le, le compagnon mod\u00e8le et\u00a0 \u00e0 tous les siens.<\/p>\n<p class=\"c2\"><strong>L\u2019\u00e9quipe d\u2019Ibn Zohr<\/strong><\/p>\n<p>Auteur:<br \/>\n<a href=\"https:\/\/www.leaders.com.tn\/article\/28687-in-memoriam-bechir-abdelmoula-1954-2018\">Cliquez ici pour lire l&rsquo;article depuis sa source.<\/a><\/p>\n","protected":false},"excerpt":{"rendered":"<p>Il y a un an, nous quittait notre ami, notre compagnon le Docteur B\u00e9chir Abdelmoula, c\u2019\u00e9tait le 22 d\u00e9cembre 2018. Notre pens\u00e9e va tout d\u2019abord \u00e0 Sonia, son \u00e9pouse, ses deux gar\u00e7ons Hassen et Khalil qu\u2019il adorait tant , \u00e0 sa m\u00e8re et \u00e0 toute sa famille,\u00a0 qui supportent\u00a0 cette grande douleur et cette grande [&hellip;]<\/p>\n","protected":false},"author":1772,"featured_media":0,"comment_status":"closed","ping_status":"closed","sticky":false,"template":"","format":"standard","meta":{"fifu_image_url":"","fifu_image_alt":"","footnotes":""},"categories":[73,55],"tags":[],"class_list":["post-70822","post","type-post","status-publish","format-standard","hentry","category-actualite","category-tunisie"],"_links":{"self":[{"href":"https:\/\/linitiative.ca\/International\/wp-json\/wp\/v2\/posts\/70822","targetHints":{"allow":["GET"]}}],"collection":[{"href":"https:\/\/linitiative.ca\/International\/wp-json\/wp\/v2\/posts"}],"about":[{"href":"https:\/\/linitiative.ca\/International\/wp-json\/wp\/v2\/types\/post"}],"author":[{"embeddable":true,"href":"https:\/\/linitiative.ca\/International\/wp-json\/wp\/v2\/users\/1772"}],"replies":[{"embeddable":true,"href":"https:\/\/linitiative.ca\/International\/wp-json\/wp\/v2\/comments?post=70822"}],"version-history":[{"count":0,"href":"https:\/\/linitiative.ca\/International\/wp-json\/wp\/v2\/posts\/70822\/revisions"}],"wp:attachment":[{"href":"https:\/\/linitiative.ca\/International\/wp-json\/wp\/v2\/media?parent=70822"}],"wp:term":[{"taxonomy":"category","embeddable":true,"href":"https:\/\/linitiative.ca\/International\/wp-json\/wp\/v2\/categories?post=70822"},{"taxonomy":"post_tag","embeddable":true,"href":"https:\/\/linitiative.ca\/International\/wp-json\/wp\/v2\/tags?post=70822"}],"curies":[{"name":"wp","href":"https:\/\/api.w.org\/{rel}","templated":true}]}}