{"id":70824,"date":"2019-12-20T12:43:00","date_gmt":"2019-12-20T17:43:00","guid":{"rendered":"https:\/\/linitiative.ca\/International\/lhommage-posthume-de-beit-el-hikma-au-pr-amor-chadli\/"},"modified":"2019-12-20T12:43:00","modified_gmt":"2019-12-20T17:43:00","slug":"lhommage-posthume-de-beit-el-hikma-au-pr-amor-chadli","status":"publish","type":"post","link":"https:\/\/linitiative.ca\/International\/lhommage-posthume-de-beit-el-hikma-au-pr-amor-chadli\/","title":{"rendered":"L&rsquo;hommage posthume de Beit el Hikma au Pr Amor Chadli"},"content":{"rendered":"<p>L\u2019Acad\u00e9mie tunisienne des sciences, des lettres et des arts Beit El Hikma a rendu ce vendredi un hommage posthume\u00a0 au professeur Amor Chadli \u00e0 l\u2019occasion du 40e jour de son d\u00e9c\u00e8s. Le pr\u00e9sident de l\u2019Acad\u00e9mie Abdelmaji Charfi a soulign\u00e9 que ce geste s\u2019inscrit dans la tradition de l&rsquo;institution d\u2019honorer l\u2019un de ses membres. Il a ajout\u00e9 que le disparu appartenait \u00e0 plusieurs institutions comme la Facult\u00e9 de m\u00e9decine, Beit El Hikma\u00a0 dont il a \u00e9t\u00e9 un membre honoraire, l\u2019Institut Pasteur dont il a \u00e9t\u00e9 le premier directeur tunisien\u00a0 et occup\u00e9 plusieurs postes minist\u00e9riels dont celui de l\u2019\u00e9ducationhadli. De plus, il avait offert sa biblioth\u00e8que \u00e0 Beit El Hikma.<\/p>\n<p>A cette occasion, cette institution a publi\u00e9 un opuscule qui comporte des photos et divers t\u00e9moignages sur le parcours du Pr Chadli et son int\u00e9r\u00eat pour le patrimoine m\u00e9dical et mondial.\u00a0\u00a0\u00a0<\/p>\n<p><strong>Lire aussi<\/strong><\/p>\n<p><a href=\"https:\/\/www.leaders.com.tn\/article\/28685-molka-chadli-mon-pere-cet-homme-d-exception\" target=\"_blank\" rel=\"noopener noreferrer\">40\u00e8me jour ce vendredi \u00e0 Beit Al Hikma du d\u00e9c\u00e8s du Dr Amor Chadli : Mon p\u00e8re, cet homme d\u2019exception, par Molka Chadli<\/a><\/p>\n<p><a href=\"https:\/\/www.leaders.com.tn\/article\/28629-dr-rachid-mechmeche-amor-chadli-etait-l-honneur-de-la-medecine-tunisienne\" target=\"_blank\" rel=\"noopener noreferrer\">Dr Rachid Mechm\u00e8che: Amor Chadli \u00e9tait l\u2019honneur de la m\u00e9decine tunisienne<\/a><\/p>\n<p><a href=\"https:\/\/www.leaders.com.tn\/article\/28424-hommage-a-amor-chadli\" target=\"_blank\" rel=\"noopener noreferrer\">Hachemi Louzir- L&rsquo;hommage des Pasteuriens au Pr Amor Chadli<\/a><br \/>\u00a0<\/p>\n<p>Auteur:<br \/>\n<a href=\"https:\/\/www.leaders.com.tn\/article\/28689-l-hommage-posthume-de-beit-el-hikma-au-pr-amor-chadli\">Cliquez ici pour lire l&rsquo;article depuis sa source.<\/a><\/p>\n","protected":false},"excerpt":{"rendered":"<p>L\u2019Acad\u00e9mie tunisienne des sciences, des lettres et des arts Beit El Hikma a rendu ce vendredi un hommage posthume\u00a0 au professeur Amor Chadli \u00e0 l\u2019occasion du 40e jour de son d\u00e9c\u00e8s. Le pr\u00e9sident de l\u2019Acad\u00e9mie Abdelmaji Charfi a soulign\u00e9 que ce geste s\u2019inscrit dans la tradition de l&rsquo;institution d\u2019honorer l\u2019un de ses membres. Il a [&hellip;]<\/p>\n","protected":false},"author":1772,"featured_media":0,"comment_status":"closed","ping_status":"closed","sticky":false,"template":"","format":"standard","meta":{"fifu_image_url":"","fifu_image_alt":"","footnotes":""},"categories":[73,55],"tags":[],"class_list":["post-70824","post","type-post","status-publish","format-standard","hentry","category-actualite","category-tunisie"],"_links":{"self":[{"href":"https:\/\/linitiative.ca\/International\/wp-json\/wp\/v2\/posts\/70824","targetHints":{"allow":["GET"]}}],"collection":[{"href":"https:\/\/linitiative.ca\/International\/wp-json\/wp\/v2\/posts"}],"about":[{"href":"https:\/\/linitiative.ca\/International\/wp-json\/wp\/v2\/types\/post"}],"author":[{"embeddable":true,"href":"https:\/\/linitiative.ca\/International\/wp-json\/wp\/v2\/users\/1772"}],"replies":[{"embeddable":true,"href":"https:\/\/linitiative.ca\/International\/wp-json\/wp\/v2\/comments?post=70824"}],"version-history":[{"count":0,"href":"https:\/\/linitiative.ca\/International\/wp-json\/wp\/v2\/posts\/70824\/revisions"}],"wp:attachment":[{"href":"https:\/\/linitiative.ca\/International\/wp-json\/wp\/v2\/media?parent=70824"}],"wp:term":[{"taxonomy":"category","embeddable":true,"href":"https:\/\/linitiative.ca\/International\/wp-json\/wp\/v2\/categories?post=70824"},{"taxonomy":"post_tag","embeddable":true,"href":"https:\/\/linitiative.ca\/International\/wp-json\/wp\/v2\/tags?post=70824"}],"curies":[{"name":"wp","href":"https:\/\/api.w.org\/{rel}","templated":true}]}}