{"id":70828,"date":"2019-12-20T14:37:59","date_gmt":"2019-12-20T19:37:59","guid":{"rendered":"https:\/\/linitiative.ca\/International\/tunisie-salem-labiadh-critique-lapproche-de-habib-jemli-dans-la-constitution-de-son-equipe-et-lelaboration-de-son-programme\/"},"modified":"2019-12-20T14:37:59","modified_gmt":"2019-12-20T19:37:59","slug":"tunisie-salem-labiadh-critique-lapproche-de-habib-jemli-dans-la-constitution-de-son-equipe-et-lelaboration-de-son-programme","status":"publish","type":"post","link":"https:\/\/linitiative.ca\/International\/tunisie-salem-labiadh-critique-lapproche-de-habib-jemli-dans-la-constitution-de-son-equipe-et-lelaboration-de-son-programme\/","title":{"rendered":"Tunisie \u2013 Salem Labiadh critique l\u2019approche de Habib Jemli dans la constitution de son \u00e9quipe et l\u2019\u00e9laboration de son programme"},"content":{"rendered":"<div class=\"post-cont-in left relative\">\n<div class=\"swp_social_panel swp_horizontal_panel swp_flat_fresh swp_default_full_color swp_individual_full_color swp_other_full_color scale-100 scale-\" data-min-width=\"1100\" data-float-color=\"#ffffff\" data-float=\"none\" data-float-mobile=\"none\" data-transition=\"slide\">\n<div class=\"nc_tweetContainer swp_share_button total_shares total_sharesalt\"><span class=\"swp_count\">16 <span class=\"swp_label\">Partages<\/span><\/span><\/div>\n<\/div>\n<p>Salem Labiadh, le d\u00e9put\u00e9 du bloc d\u00e9mocrate, a critiqu\u00e9, ce soir le discours tenu par <a href=\"https:\/\/www.tunisienumerique.com\/tunisie-actualite\/habib-jemli\/\" title=\"Habib jemli\" target=\"_top\" class=\"auto-link\" rel=\"noopener noreferrer\">Habib jemli<\/a> \u00e0 l\u2019issue de sa r\u00e9union avec les repr\u00e9sentants des partis d\u2019<a href=\"https:\/\/www.tunisienumerique.com\/tunisie-actualite\/ennahdha\/\" title=\"Ennahdha\" target=\"_top\" class=\"auto-link\" rel=\"noopener noreferrer\">Ennahdha<\/a>, Tahya Tounes, le courant d\u00e9mocratique et le mouvement du peuple. Il a, par la m\u00eame occasion, critiqu\u00e9 l\u2019approche op\u00e9r\u00e9e par Jemli dans la constitution de son \u00e9quipe, ainsi que les grandes lignes de son programme.<\/p>\n<div class=\"code-block code-block-1 c3\"><ins class=\"adsbygoogle c2\" data-ad-layout=\"in-article\" data-ad-format=\"fluid\" data-ad-client=\"ca-pub-2102118777505746\" data-ad-slot=\"7301775417\"\/> <\/div>\n<p>Labiadh a assur\u00e9 que ce programme et cette \u00e9quipe ne pourraient r\u00e9pondre aux attentes du peuple, ni aux exigences du pays durant cette p\u00e9riode o\u00f9 il vit une crise socio\u00e9conomique, et o\u00f9 il est cibl\u00e9 par tout un projet g\u00e9ostrat\u00e9gique r\u00e9gional.<\/p>\n<p><img loading=\"lazy\" decoding=\"async\" class=\"aligncenter size-full wp-image-483561\" src=\"https:\/\/www.tunisienumerique.com\/wp-content\/uploads\/2019\/12\/salem-labiadh.jpg\" alt=\"\" width=\"551\" height=\"267\"\/><\/p>\n<p><strong>Que se passe-t-il en Tunisie?<\/strong><br \/>Nous expliquons sur notre <a href=\"https:\/\/www.youtube.com\/channel\/UCRzypVq0B_yBad5eGrwBx0Q?sub_confirmation=1\" target=\"_blank\" rel=\"noopener noreferrer\">cha\u00eene YouTube<\/a> . <a href=\"https:\/\/www.youtube.com\/channel\/UCRzypVq0B_yBad5eGrwBx0Q?sub_confirmation=1\" target=\"_blank\" rel=\"noopener noreferrer\">Abonnez-vous!<\/a><\/p>\n<div class=\"mvp-org-wrap mvp-org-logo\" itemprop=\"publisher\" itemscope=\"\" itemtype=\"https:\/\/schema.org\/Organization\"><img decoding=\"async\" src=\"https:\/\/www.tunisienumerique.com\/wp-content\/uploads\/2017\/02\/logo_tunisie_numerique.png\"\/><\/div>\n<div class=\"swp_social_panel swp_horizontal_panel swp_flat_fresh swp_default_full_color swp_individual_full_color swp_other_full_color scale-100 scale-\" data-min-width=\"1100\" data-float-color=\"#ffffff\" data-float=\"none\" data-float-mobile=\"none\" data-transition=\"slide\">\n<div class=\"nc_tweetContainer swp_share_button total_shares total_sharesalt\"><span class=\"swp_count\">16 <span class=\"swp_label\">Partages<\/span><\/span><\/div>\n<\/div>\n<div class=\"mvp-related-posts left relative\">\n<h4 class=\"post-header\"><span class=\"post-header\">Lire aussi<\/span><\/h4>\n<\/div>\n<\/div>\n<p>Auteur: LM<br \/>\n<a href=\"https:\/\/www.tunisienumerique.com\/tunisie-salem-labiadh-critique-lapproche-de-habib-jemli-dans-la-constitution-de-son-equipe-et-lelaboration-de-son-programme\/\">Cliquez ici pour lire l&rsquo;article depuis sa source.<\/a><\/p>\n","protected":false},"excerpt":{"rendered":"<p>16 Partages Salem Labiadh, le d\u00e9put\u00e9 du bloc d\u00e9mocrate, a critiqu\u00e9, ce soir le discours tenu par Habib jemli \u00e0 l\u2019issue de sa r\u00e9union avec les repr\u00e9sentants des partis d\u2019Ennahdha, Tahya Tounes, le courant d\u00e9mocratique et le mouvement du peuple. Il a, par la m\u00eame occasion, critiqu\u00e9 l\u2019approche op\u00e9r\u00e9e par Jemli dans la constitution de [&hellip;]<\/p>\n","protected":false},"author":1789,"featured_media":70829,"comment_status":"closed","ping_status":"closed","sticky":false,"template":"","format":"standard","meta":{"fifu_image_url":"","fifu_image_alt":"","footnotes":""},"categories":[73,55],"tags":[],"class_list":["post-70828","post","type-post","status-publish","format-standard","has-post-thumbnail","hentry","category-actualite","category-tunisie"],"_links":{"self":[{"href":"https:\/\/linitiative.ca\/International\/wp-json\/wp\/v2\/posts\/70828","targetHints":{"allow":["GET"]}}],"collection":[{"href":"https:\/\/linitiative.ca\/International\/wp-json\/wp\/v2\/posts"}],"about":[{"href":"https:\/\/linitiative.ca\/International\/wp-json\/wp\/v2\/types\/post"}],"author":[{"embeddable":true,"href":"https:\/\/linitiative.ca\/International\/wp-json\/wp\/v2\/users\/1789"}],"replies":[{"embeddable":true,"href":"https:\/\/linitiative.ca\/International\/wp-json\/wp\/v2\/comments?post=70828"}],"version-history":[{"count":0,"href":"https:\/\/linitiative.ca\/International\/wp-json\/wp\/v2\/posts\/70828\/revisions"}],"wp:featuredmedia":[{"embeddable":true,"href":"https:\/\/linitiative.ca\/International\/wp-json\/"}],"wp:attachment":[{"href":"https:\/\/linitiative.ca\/International\/wp-json\/wp\/v2\/media?parent=70828"}],"wp:term":[{"taxonomy":"category","embeddable":true,"href":"https:\/\/linitiative.ca\/International\/wp-json\/wp\/v2\/categories?post=70828"},{"taxonomy":"post_tag","embeddable":true,"href":"https:\/\/linitiative.ca\/International\/wp-json\/wp\/v2\/tags?post=70828"}],"curies":[{"name":"wp","href":"https:\/\/api.w.org\/{rel}","templated":true}]}}