{"id":70836,"date":"2019-12-20T14:18:03","date_gmt":"2019-12-20T19:18:03","guid":{"rendered":"https:\/\/linitiative.ca\/International\/lancement-dun-projet-pour-une-reponse-integree-a-la-traite-des-etres-humains-en-cote-divoire\/"},"modified":"2019-12-20T14:18:03","modified_gmt":"2019-12-20T19:18:03","slug":"lancement-dun-projet-pour-une-reponse-integree-a-la-traite-des-etres-humains-en-cote-divoire","status":"publish","type":"post","link":"https:\/\/linitiative.ca\/International\/lancement-dun-projet-pour-une-reponse-integree-a-la-traite-des-etres-humains-en-cote-divoire\/","title":{"rendered":"Lancement d\u2019un projet pour une r\u00e9ponse int\u00e9gr\u00e9e \u00e0 la traite des \u00eatres humains en C\u00f4te d\u2019Ivoire"},"content":{"rendered":"<div readability=\"32\">\n<p>Publi\u00e9 le 20.12.2019 \u00e0 20h18 par APA News<\/p>\n<\/div>\n<div readability=\"126\">\n<p>Le projet d\u00e9nomm\u00e9 \u00abRenforcer les capacit\u00e9s des autorit\u00e9s de la C\u00f4te d\u2019Ivoire pour apporter une r\u00e9ponse int\u00e9gr\u00e9e \u00e0 la traite des \u00eatres humains et au trafic illicite de migrants (COCOTIP)\u00bb a \u00e9t\u00e9 lanc\u00e9, vendredi \u00e0 Abidjan, en pr\u00e9sence des ministres et des diplomates, a constat\u00e9 APA sur place dans la capitale \u00e9conomique ivoirienne.Financ\u00e9 par la R\u00e9publique f\u00e9d\u00e9rale d\u2019Allemagne et ex\u00e9cut\u00e9 par l\u2019Organisation internationale pour les migrations (OIM), ce projet s\u2019\u00e9tendra sur la p\u00e9riode du 01 d\u00e9cembre 2019 au 30 novembre 2022, soit une dur\u00e9e de 36 mois.<\/p>\n<p>Il vise \u00e0 renforcer les capacit\u00e9s op\u00e9rationnelles et techniques des autorit\u00e9s nationales en mati\u00e8re de profilage, d\u2019enqu\u00eate et de renvoi des cas de traite des \u00eatres humains ou de trafic illicite de migrants et \u00e0 am\u00e9liorer les capacit\u00e9s des acteurs concern\u00e9s \u00e0 fournir une assistance et une protection ad\u00e9quates aux victimes.<\/p>\n<p>B\u00e9n\u00e9ficiaire de ce projet, le ministre de la s\u00e9curit\u00e9 et de la protection civile, le G\u00e9n\u00e9ral Vagondo Diomand\u00e9 s\u2019est f\u00e9licit\u00e9 de cette initiative qui permettra notamment la \u00ab construction de trois postes-fronti\u00e8res \u00bb.<\/p>\n<p>A son tour, la ministre de la solidarit\u00e9, de la coh\u00e9sion sociale et de la lutte contre la pauvret\u00e9, Pr Mariatou Kon\u00e9, \u00e9galement b\u00e9n\u00e9ficiaire du projet, a relev\u00e9 les enjeux de cette lutte contre la traite des \u00eatres humains. Le gouvernement \u00ab ne m\u00e9nage \u00a0aucun effort pour pr\u00e9venir et lutter contre cette pratique honteuse \u00bb, a-t-elle indiqu\u00e9.<\/p>\n<p>\u00a0\u00ab On est l\u00e0 pour vous \u00e9couter et peaufiner les projets pour les adapter aux besoins des populations \u00bb, a rench\u00e9ri pour sa part, l\u2019Ambassadeur de l\u2019Allemagne en C\u00f4te d\u2019Ivoire, \u00a0Michael Grau.<\/p>\n<p>La C\u00f4te d\u2019Ivoire est un important pays d\u2019origine, de transit et de destination en mati\u00e8re de traite de personnes (nationale et transnationale) et de trafic illicite de migrants. Cette situation s\u2019explique par un profil migratoire multiple, le pays partageant ses fronti\u00e8res avec le Liberia, la Guin\u00e9e, le Mali, le Burkina Faso et le Ghana.<\/p>\n<p>Avec une approche int\u00e9gr\u00e9e, le projet, contribuera aux efforts du gouvernement ivoirien afin de mieux pr\u00e9venir la traite des personnes, prot\u00e9ger les victimes de traite et renforcer les cas de poursuites judiciaires.<\/p>\n<p>Dans son intervention, Marina Schramm, chef de mission de l\u2019OIM en C\u00f4te d\u2019Ivoire a salu\u00e9 les diff\u00e9rents partenaires du projet avant de rassurer sur la disponibilit\u00e9 de son organisation \u00e0 accompagner sur tous les volets dudit projet.<\/p>\n<p>L\u2019OIM en \u00e9troite collaboration avec le gouvernement ivoirien entend renforcer les capacit\u00e9s op\u00e9rationnelles \u00a0et techniques des autorit\u00e9s nationales pour identifier, enqu\u00eater et r\u00e9f\u00e9rer les cas de traite de personnes et de trafic illicite de migrants et am\u00e9liorer les capacit\u00e9s des acteurs concern\u00e9s \u00e0 fournir une assistance et une protection ad\u00e9quate aux victimes de mani\u00e8re coordonn\u00e9e.<\/p>\n<p>Les b\u00e9n\u00e9ficiaires du projet sont les personnes victimes de traite ; les migrants en situation de vuln\u00e9rabilit\u00e9 ; le minist\u00e8re de la s\u00e9curit\u00e9 et de la protection civile ; le minist\u00e8re de la solidarit\u00e9, de la coh\u00e9sion sociale et de la lutte contre la pauvret\u00e9 ; le Comit\u00e9 national de lutte contre la traite des personnes et les organisations de la soci\u00e9t\u00e9 civile.<\/p>\n<p>A la fin du cycle de vie de ce projet, les capacit\u00e9s techniques et op\u00e9rationnelles des autorit\u00e9s gouvernementales comp\u00e9tentes pour identifier et enqu\u00eater les cas de traite des personnes et de trafic illicite de migrants devront \u00eatre renforc\u00e9es.<\/p>\n<p>La collecte de donn\u00e9es fiables des cas de traite des personnes et de trafic illicite de migrants est \u00e9galement attendue gr\u00e2ce \u00e0 un enregistrement syst\u00e9matique des cas.<\/p>\n<p>\u00a0Des programmes de formation sp\u00e9cialis\u00e9s pour les autorit\u00e9s charg\u00e9e de l\u2019application des lois aux fronti\u00e8res (a\u00e9roports, postes fronti\u00e8res etc) concernant toutes les dispositions l\u00e9gales et les proc\u00e9dures op\u00e9rationnelles relatives \u00e0 la traite \u00a0des personnes et au trafic illicite de migrants, figure \u00e9galement sur la liste des r\u00e9sultats vis\u00e9s.<\/p>\n<p>Ce projet qui prend en compte \u00a0la construction de trois postes-fronti\u00e8res adapt\u00e9s \u00e0 la prise en charge des potentielles victimes, permettra en outre de faire b\u00e9n\u00e9ficier d\u2019une assistance et d\u2019une protection efficace les victimes de la traite des personnes et d\u2019abus li\u00e9s au trafic illicite de migrants. \u00a0 \u00a0<\/p>\n<\/div>\n<p>Auteur: APA News<br \/>\n<a href=\"https:\/\/www.journalducameroun.com\/lancement-dun-projet-pour-une-reponse-integree-a-la-traite-des-etres-humains-en-cote-divoire\/\">Cliquez ici pour lire l&rsquo;article depuis sa source.<\/a><\/p>\n","protected":false},"excerpt":{"rendered":"<p>Publi\u00e9 le 20.12.2019 \u00e0 20h18 par APA News Le projet d\u00e9nomm\u00e9 \u00abRenforcer les capacit\u00e9s des autorit\u00e9s de la C\u00f4te d\u2019Ivoire pour apporter une r\u00e9ponse int\u00e9gr\u00e9e \u00e0 la traite des \u00eatres humains et au trafic illicite de migrants (COCOTIP)\u00bb a \u00e9t\u00e9 lanc\u00e9, vendredi \u00e0 Abidjan, en pr\u00e9sence des ministres et des diplomates, a constat\u00e9 APA sur [&hellip;]<\/p>\n","protected":false},"author":1965,"featured_media":0,"comment_status":"closed","ping_status":"closed","sticky":false,"template":"","format":"standard","meta":{"fifu_image_url":"","fifu_image_alt":"","footnotes":""},"categories":[73,82],"tags":[],"class_list":["post-70836","post","type-post","status-publish","format-standard","hentry","category-actualite","category-cameroun"],"_links":{"self":[{"href":"https:\/\/linitiative.ca\/International\/wp-json\/wp\/v2\/posts\/70836","targetHints":{"allow":["GET"]}}],"collection":[{"href":"https:\/\/linitiative.ca\/International\/wp-json\/wp\/v2\/posts"}],"about":[{"href":"https:\/\/linitiative.ca\/International\/wp-json\/wp\/v2\/types\/post"}],"author":[{"embeddable":true,"href":"https:\/\/linitiative.ca\/International\/wp-json\/wp\/v2\/users\/1965"}],"replies":[{"embeddable":true,"href":"https:\/\/linitiative.ca\/International\/wp-json\/wp\/v2\/comments?post=70836"}],"version-history":[{"count":0,"href":"https:\/\/linitiative.ca\/International\/wp-json\/wp\/v2\/posts\/70836\/revisions"}],"wp:attachment":[{"href":"https:\/\/linitiative.ca\/International\/wp-json\/wp\/v2\/media?parent=70836"}],"wp:term":[{"taxonomy":"category","embeddable":true,"href":"https:\/\/linitiative.ca\/International\/wp-json\/wp\/v2\/categories?post=70836"},{"taxonomy":"post_tag","embeddable":true,"href":"https:\/\/linitiative.ca\/International\/wp-json\/wp\/v2\/tags?post=70836"}],"curies":[{"name":"wp","href":"https:\/\/api.w.org\/{rel}","templated":true}]}}