{"id":70837,"date":"2019-12-20T15:50:03","date_gmt":"2019-12-20T20:50:03","guid":{"rendered":"https:\/\/linitiative.ca\/International\/turquie-plus-de-mille-manifestants-contre-le-sort-des-ouighours-en-chine\/"},"modified":"2019-12-20T15:50:03","modified_gmt":"2019-12-20T20:50:03","slug":"turquie-plus-de-mille-manifestants-contre-le-sort-des-ouighours-en-chine","status":"publish","type":"post","link":"https:\/\/linitiative.ca\/International\/turquie-plus-de-mille-manifestants-contre-le-sort-des-ouighours-en-chine\/","title":{"rendered":"Turquie: plus de mille manifestants contre le sort des Ou\u00efghours en Chine"},"content":{"rendered":"<div readability=\"32\">\n<p>Publi\u00e9 le 20.12.2019 \u00e0 21h50 par AFP<\/p>\n<\/div>\n<div readability=\"72\">\n<p>Entre 1.000 et 2.000 manifestants ont d\u00e9fil\u00e9 vendredi \u00e0 Istanbul pour protester contre la repression exerc\u00e9e par la Chine contre les musulmans ou\u00efghours, majoritaires au Xinjiang (nord-ouest de la Chine), selon un correspondant de l\u2019AFP.<\/p>\n<p>Les manifestants, brandissant leurs t\u00e9l\u00e9phones portables en guise de lampes et des torches, ont appel\u00e9 \u00e0 la fin de la r\u00e9pression dans cette r\u00e9gion o\u00f9 plus d\u2019un million de musulmans, principalement de l\u2019ethnie turcophone ou\u00efghoure, et d\u2019autres minorit\u00e9s, seraient d\u00e9tenus dans des camps de r\u00e9\u00e9ducation politique.<\/p>\n<p>Les participants, rassembl\u00e9s \u00e0 l\u2019appel de la Fondation de secours humanitaire de Turquie (IHH) ont march\u00e9 de la mosqu\u00e9e Fatih (ou mosqu\u00e9e du Conqu\u00e9rant) situ\u00e9e dans la partie europ\u00e9enne de la ville, jusqu\u2019\u00e0 la place de Beyazit.<\/p>\n<p>Certains portaient des drapeaux du \u00ab\u00a0Turkestan de l\u2019est\u00a0\u00bb, le terme utilis\u00e9 par de nombreux s\u00e9paratistes ou\u00efghours pour d\u00e9signer le Xinjiang, avec un croissant blanc sur fond bleu.<\/p>\n<p>Certains manifestants ont br\u00fbl\u00e9 un drapeau chinois tandis que d\u2019autres portaient des pancartes avec l\u2019inscription: \u00ab\u00a0Fermez les camps de concentration !\u00a0\u00bb.<\/p>\n<p>Peu de dirigeants musulmans ont critiqu\u00e9 le sort r\u00e9serv\u00e9 \u00e0 la population ou\u00efghoure \u00e0 l\u2019exception du pr\u00e9sident Recep Tayyip Erdogan, dont le pays a des liens linguistiques et culturels avec les Ou\u00efghours.<\/p>\n<p>Le footballeur allemand d\u2019origine turque Mesut Ozil a critiqu\u00e9 la semaine derni\u00e8re la politique chinoise et le silence de la communaut\u00e9 musulmane, et a \u00e9t\u00e9 depuis la cible d\u2019un d\u00e9luge de critiques de P\u00e9kin.<\/p>\n<p>La Chine affirme que ces camps sont des \u00ab\u00a0centres de formation professionnelle\u00a0\u00bb.<\/p>\n<\/div>\n<p>Auteur: AFP<br \/>\n<a href=\"https:\/\/www.journalducameroun.com\/turquie-plus-de-mille-manifestants-contre-le-sort-des-ouighours-en-chine\/\">Cliquez ici pour lire l&rsquo;article depuis sa source.<\/a><\/p>\n","protected":false},"excerpt":{"rendered":"<p>Publi\u00e9 le 20.12.2019 \u00e0 21h50 par AFP Entre 1.000 et 2.000 manifestants ont d\u00e9fil\u00e9 vendredi \u00e0 Istanbul pour protester contre la repression exerc\u00e9e par la Chine contre les musulmans ou\u00efghours, majoritaires au Xinjiang (nord-ouest de la Chine), selon un correspondant de l\u2019AFP. Les manifestants, brandissant leurs t\u00e9l\u00e9phones portables en guise de lampes et des torches, [&hellip;]<\/p>\n","protected":false},"author":1965,"featured_media":0,"comment_status":"closed","ping_status":"closed","sticky":false,"template":"","format":"standard","meta":{"fifu_image_url":"","fifu_image_alt":"","footnotes":""},"categories":[73,82],"tags":[],"class_list":["post-70837","post","type-post","status-publish","format-standard","hentry","category-actualite","category-cameroun"],"_links":{"self":[{"href":"https:\/\/linitiative.ca\/International\/wp-json\/wp\/v2\/posts\/70837","targetHints":{"allow":["GET"]}}],"collection":[{"href":"https:\/\/linitiative.ca\/International\/wp-json\/wp\/v2\/posts"}],"about":[{"href":"https:\/\/linitiative.ca\/International\/wp-json\/wp\/v2\/types\/post"}],"author":[{"embeddable":true,"href":"https:\/\/linitiative.ca\/International\/wp-json\/wp\/v2\/users\/1965"}],"replies":[{"embeddable":true,"href":"https:\/\/linitiative.ca\/International\/wp-json\/wp\/v2\/comments?post=70837"}],"version-history":[{"count":0,"href":"https:\/\/linitiative.ca\/International\/wp-json\/wp\/v2\/posts\/70837\/revisions"}],"wp:attachment":[{"href":"https:\/\/linitiative.ca\/International\/wp-json\/wp\/v2\/media?parent=70837"}],"wp:term":[{"taxonomy":"category","embeddable":true,"href":"https:\/\/linitiative.ca\/International\/wp-json\/wp\/v2\/categories?post=70837"},{"taxonomy":"post_tag","embeddable":true,"href":"https:\/\/linitiative.ca\/International\/wp-json\/wp\/v2\/tags?post=70837"}],"curies":[{"name":"wp","href":"https:\/\/api.w.org\/{rel}","templated":true}]}}