{"id":70840,"date":"2019-12-20T17:50:03","date_gmt":"2019-12-20T22:50:03","guid":{"rendered":"https:\/\/linitiative.ca\/International\/primaire-democrate-pete-la-menace-buttigieg-sous-le-feu-de-ses-rivaux\/"},"modified":"2019-12-20T17:50:03","modified_gmt":"2019-12-20T22:50:03","slug":"primaire-democrate-pete-la-menace-buttigieg-sous-le-feu-de-ses-rivaux","status":"publish","type":"post","link":"https:\/\/linitiative.ca\/International\/primaire-democrate-pete-la-menace-buttigieg-sous-le-feu-de-ses-rivaux\/","title":{"rendered":"Primaire d\u00e9mocrate: Pete \u00ab\u00a0la menace\u00a0\u00bb Buttigieg sous le feu de ses rivaux"},"content":{"rendered":"<div readability=\"32\">\n<p>Publi\u00e9 le 20.12.2019 \u00e0 23h50 par AFP<\/p>\n<\/div>\n<div readability=\"155\">\n<p>La guerre est d\u00e9clar\u00e9e entre Pete Buttigieg et ses rivaux d\u00e9mocrates, qui se sentent menac\u00e9s dans la course \u00e0 la Maison Blanche par l\u2019ascension du jeune candidat \u00e0 quelques semaines du lancement de la primaire aux Etats-Unis.<\/p>\n<p>En quelques mois, Pete Buttigieg a consolid\u00e9 son statut de pr\u00e9tendant s\u00e9rieux \u00e0 l\u2019investiture d\u00e9mocrate \u00e0 seulement 37 ans. \u00ab\u00a0C\u2019est actuellement la bataille pour l\u2019Iowa et le New Hampshire, et les candidats se positionnent\u00a0\u00bb, a expliqu\u00e9 sur NBC le gouverneur de Californie Gavin Newsom, interrog\u00e9 apr\u00e8s le dernier le d\u00e9bat de l\u2019ann\u00e9e, jeudi \u00e0 Los Angeles.<\/p>\n<p>Selon lui, M. Buttigieg \u00ab\u00a0est le mieux plac\u00e9 et, par cons\u00e9quence, il est au centre de la temp\u00eate\u00a0\u00bb car ces deux premiers scrutins, les 3 et 11 f\u00e9vrier, donneront le ton de la primaire d\u00e9mocrate.<\/p>\n<p>Lors de ce sixi\u00e8me d\u00e9bat, le jeune maire de l\u2019Indiana a montr\u00e9 un visage combatif en r\u00e9pondant aux attaques sur ses riches donateurs et sur son manque d\u2019exp\u00e9rience.<\/p>\n<p>La premi\u00e8re charge est venue d\u2019Elizabeth Warren, qui repr\u00e9sente l\u2019aile gauche du parti et avec qui les tensions ne cessent de monter depuis plusieurs semaines.<\/p>\n<p>\u00ab\u00a0Des milliardaires dans des caves \u00e0 vin ne devraient pas choisir le prochain pr\u00e9sident\u00a0\u00bb, a-t-elle fustig\u00e9 jeudi, en r\u00e9f\u00e9rence \u00e0 une r\u00e9cente collecte de fonds de M. Buttigieg dans une cave viticole de Californie.<\/p>\n<p>Des sept candidats pr\u00e9sents, \u00ab\u00a0je suis le seul \u00e0 \u00eatre ni millionnaire, ni milliardaire\u00a0\u00bb, a r\u00e9torqu\u00e9 Pete Buttigieg, en r\u00e9f\u00e9rence \u00e0 la fortune de Mme Warren dont le revenu est selon lui \u00ab\u00a0cent fois sup\u00e9rieur\u00a0\u00bb au sien.<\/p>\n<p>Manifestement bien pr\u00e9par\u00e9 \u00e0 l\u2019offensive, il a reproch\u00e9 \u00e0 la s\u00e9natrice de 70 ans de \u00ab\u00a0d\u00e9cerner des tests de puret\u00e9\u00a0\u00bb qu\u2019elle est elle-m\u00eame \u00ab\u00a0incapable d\u2019obtenir\u00a0\u00bb.<\/p>\n<p>L\u2019\u00e9lue du Massachusetts, qui refuse les contributions des grandes entreprises, n\u2019avait pas \u00e9t\u00e9 aussi regardante dans le pass\u00e9 sur ses contributeurs, a-t-il continu\u00e9. \u00ab\u00a0Cela vous a-t-il corrompu, Madame la s\u00e9natrice? Bien s\u00fbr que non\u00a0\u00bb.<\/p>\n<p>Une animosit\u00e9 compr\u00e9hensible, pour Kenneth Baer. \u00ab\u00a0Il prend une partie de l\u2019\u00e9lectorat d\u2019Elizabeth Warren\u00a0\u00bb, dit \u00e0 l\u2019AFP le consultant d\u00e9mocrate, notamment les \u00ab\u00a0blancs dipl\u00f4m\u00e9s\u00a0\u00bb.<\/p>\n<p>\u2013 Sang-froid et r\u00e9pondant \u2013<\/p>\n<p>La s\u00e9natrice du Minnesota Amy Klobuchar est revenue sur le manque d\u2019envergure nationale de M. Buttigieg, maire de South Bend, une ville de 100.000 habitants. Lors du pr\u00e9c\u00e9dent d\u00e9bat, il s\u2019en \u00e9tait pris aux v\u00e9t\u00e9rans de la politique qui incarnaient \u00ab\u00a0l\u2019establishment \u00e0 Washington\u00a0\u00bb m\u00e9pris\u00e9 par l\u2019\u00e9lectorat populaire.<\/p>\n<p>\u00ab\u00a0Je n\u2019ai pas d\u00e9nigr\u00e9 votre exp\u00e9rience comme \u00e9lu local, je l\u2019ai \u00e9t\u00e9 moi-m\u00eame\u00a0\u00bb, a lanc\u00e9 la candidate, qui comme lui fait partie du courant mod\u00e9r\u00e9.<\/p>\n<p>Elle a enfonc\u00e9 le clou en rappelant qu\u2019il avait \u00ab\u00a0perdu de 20 points\u00a0\u00bb lors de la seule \u00e9lection au niveau de l\u2019Indiana \u00e0 laquelle il avait particip\u00e9, en 2010.<\/p>\n<p>Loin de se laisser d\u00e9monter, \u00ab\u00a0Mayor Pete\u00a0\u00bb a rappel\u00e9 son pass\u00e9 militaire en Afghanistan, et sa capacit\u00e9 \u00e0 rassembler au del\u00e0 des partis pour \u00eatre largement r\u00e9\u00e9lu \u00e0 South Bend, apr\u00e8s avoir r\u00e9v\u00e9l\u00e9 son homosexualit\u00e9 dans un Etat tr\u00e8s conservateur.<\/p>\n<p>\u00ab\u00a0Il s\u2019en est bien tir\u00e9. Il a gard\u00e9 son sang-froid, ne s\u2019est pas laiss\u00e9 d\u00e9stabiliser et a eu du r\u00e9pondant\u00a0\u00bb, analyse pour l\u2019AFP Terry Madonna, du Centre de politique et d\u2019administration publique de l\u2019Universit\u00e9 Franklin and Marshall.<\/p>\n<p>Amy Klobuchar, 59 ans, est apparue comme la grande gagnante de cette soir\u00e9e, ses r\u00e9parties fulgurantes et son ton affut\u00e9 compensant un programme qui reste flou. Mais elle est \u00e0 la tra\u00eene dans les sondages, son \u00e9lectorat blanc, rural et mod\u00e9r\u00e9 \u00e9tant attir\u00e9 par la jeunesse de M. Buttigieg.<\/p>\n<p>Pour Kenneth Baer, Mme Klobuchar doit aller au-del\u00e0 du message \u00ab\u00a0+je suis du MidWest, j\u2019ai gagn\u00e9 plusieurs fois au niveau national et c\u2019est pour cela que vous devriez me choisir+, ce n\u2019est pas un argument pour \u00eatre pr\u00e9sidente des Etats-Unis\u00a0\u00bb.<\/p>\n<p>Terry Madonna souligne l\u2019absence \u00ab\u00a0d\u2019un programme auquel elle peut se r\u00e9f\u00e9rer sur des points sp\u00e9cifiques\u00a0\u00bb alors qu\u2019une contre-performance dans l\u2019Iowa pourrait signer la fin de sa campagne.<\/p>\n<p>L\u2019universitaire temp\u00e8re pourtant la port\u00e9e de la soir\u00e9e \u00e9lectorale car \u00ab\u00a0ces d\u00e9bats produisent un mouvement \u00e9ph\u00e9m\u00e8re, pas une \u00e9nergie qui dure\u00a0\u00bb. Mme Klobuchar l\u2019a bien compris, elle a d\u00e9but\u00e9 vendredi une tourn\u00e9e de trois jours dans l\u2019Iowa pour capitaliser sur son succ\u00e8s.<\/p>\n<\/div>\n<p>Auteur: AFP<br \/>\n<a href=\"https:\/\/www.journalducameroun.com\/primaire-democrate-pete-la-menace-buttigieg-sous-le-feu-de-ses-rivaux\/\">Cliquez ici pour lire l&rsquo;article depuis sa source.<\/a><\/p>\n","protected":false},"excerpt":{"rendered":"<p>Publi\u00e9 le 20.12.2019 \u00e0 23h50 par AFP La guerre est d\u00e9clar\u00e9e entre Pete Buttigieg et ses rivaux d\u00e9mocrates, qui se sentent menac\u00e9s dans la course \u00e0 la Maison Blanche par l\u2019ascension du jeune candidat \u00e0 quelques semaines du lancement de la primaire aux Etats-Unis. En quelques mois, Pete Buttigieg a consolid\u00e9 son statut de pr\u00e9tendant [&hellip;]<\/p>\n","protected":false},"author":1965,"featured_media":0,"comment_status":"closed","ping_status":"closed","sticky":false,"template":"","format":"standard","meta":{"fifu_image_url":"","fifu_image_alt":"","footnotes":""},"categories":[73,82],"tags":[],"class_list":["post-70840","post","type-post","status-publish","format-standard","hentry","category-actualite","category-cameroun"],"_links":{"self":[{"href":"https:\/\/linitiative.ca\/International\/wp-json\/wp\/v2\/posts\/70840","targetHints":{"allow":["GET"]}}],"collection":[{"href":"https:\/\/linitiative.ca\/International\/wp-json\/wp\/v2\/posts"}],"about":[{"href":"https:\/\/linitiative.ca\/International\/wp-json\/wp\/v2\/types\/post"}],"author":[{"embeddable":true,"href":"https:\/\/linitiative.ca\/International\/wp-json\/wp\/v2\/users\/1965"}],"replies":[{"embeddable":true,"href":"https:\/\/linitiative.ca\/International\/wp-json\/wp\/v2\/comments?post=70840"}],"version-history":[{"count":0,"href":"https:\/\/linitiative.ca\/International\/wp-json\/wp\/v2\/posts\/70840\/revisions"}],"wp:attachment":[{"href":"https:\/\/linitiative.ca\/International\/wp-json\/wp\/v2\/media?parent=70840"}],"wp:term":[{"taxonomy":"category","embeddable":true,"href":"https:\/\/linitiative.ca\/International\/wp-json\/wp\/v2\/categories?post=70840"},{"taxonomy":"post_tag","embeddable":true,"href":"https:\/\/linitiative.ca\/International\/wp-json\/wp\/v2\/tags?post=70840"}],"curies":[{"name":"wp","href":"https:\/\/api.w.org\/{rel}","templated":true}]}}