{"id":70846,"date":"2019-12-21T03:06:39","date_gmt":"2019-12-21T08:06:39","guid":{"rendered":"https:\/\/linitiative.ca\/International\/la-motivation-au-travail-developper-lengagement-et-la-motivation-de-vos-collaborateurs-de-camille-hulot\/"},"modified":"2019-12-21T03:06:39","modified_gmt":"2019-12-21T08:06:39","slug":"la-motivation-au-travail-developper-lengagement-et-la-motivation-de-vos-collaborateurs-de-camille-hulot","status":"publish","type":"post","link":"https:\/\/linitiative.ca\/International\/la-motivation-au-travail-developper-lengagement-et-la-motivation-de-vos-collaborateurs-de-camille-hulot\/","title":{"rendered":"La motivation au travail : D\u00e9velopper l\u2019engagement et la motivation de vos collaborateurs, de Camille Hulot"},"content":{"rendered":"<header>\n<div class=\"entry-post-meta\">\n<div class=\"author-link\">Publi\u00e9 par <a itemprop=\"author\" itemscope=\"\" itemtype=\"https:\/\/schema.org\/Person\" href=\"http:\/\/aujourdhui.ma\/profile\/kaid\" rel=\"author\"><span itemprop=\"name\">ALM<\/span><\/a><\/div>\n<p>Date\u00a0:<time content=\"2019-11-21T09:06:39+00:00\" class=\"entry-date updated\" datetime=\"2019-11-21T09:06:39+00:00\">novembre 21, 2019<\/time><\/p>\n<div class=\"entry-cat\">dans:<a href=\"http:\/\/aujourdhui.ma\/category\/culture\/livre\" rel=\"category tag\">Livre<\/a><\/div>\n<p>1Vues<\/p>\n<\/div>\n<\/header>\n<div class=\"entry-content clearfix\" readability=\"54\"><img decoding=\"async\" class=\"post_layout_5_img\" src=\"http:\/\/aujourdhui.ma\/wp-content\/uploads\/2019\/12\/La-motivation-au-travail.-D%C3%A9velopper-l%E2%80%99engagement-et-la-motivation-de-vos-collaborateurs-de-Camille-Hulot.jpg?x29840\" alt=\"La motivation au travail : D\u00e9velopper l\u2019engagement et la motivation de vos collaborateurs, de Camille Hulot\"\/><\/p>\n<p><span class=\"c4\"><strong>L\u2019auteure est partie du constat que \u00abla plupart des entreprises souffrent actuellement d\u2019un d\u00e9sengagement profond de leurs \u00e9quipes et, malgr\u00e9 les actions mises en place, elles ne parviennent pas \u00e0 modifier significativement la situation.<\/strong><\/span> <span id=\"more-327046\"\/><\/p>\n<p>Pourtant la d\u00e9motivation au travail n\u2019est pas une fatalit\u00e9!\u00bb Son livre propose ainsi une approche p\u00e9dagogique et concr\u00e8te, \u00e0 travers laquelle chacun peut devenir acteur de sa motivation. Cette approche novatrice, ax\u00e9e sur les ressorts de motivation cl\u00e9s de chacun, tient compte des sp\u00e9cificit\u00e9s et besoins afin de d\u00e9velopper la motivation sur le plan individuel et collectif. Con\u00e7u de cette mani\u00e8re, l\u2019ouvrage de Camille Hulot s\u2019adresse aux dirigeants, RH, manager ou collaborateur.<\/p>\n<p>Cette r\u00e9f\u00e9rence intellectuelle permettra aux personnes concern\u00e9es une meilleure compr\u00e9hension de ce qui motive et de ce qui d\u00e9motive ou ce qui engage et de ce qui d\u00e9sengage. L\u2019experte propose de nombreux outils. Elle livre de pr\u00e9cieux conseils et valorise son travail par des t\u00e9moignages. Son objectif principal \u00e0 travers son livre est d\u2019aider les managers \u00e0 cr\u00e9er une dynamique interne nouvelle sans laquelle la p\u00e9rennit\u00e9 et la croissance de l\u2019entreprise sont compromises. Camille Hulot est dipl\u00f4m\u00e9e de l\u2019ESC Bordeaux titulaire d\u2019un MBA et d\u2019un doctorat en sciences de gestion. Elle a \u00e9volu\u00e9 pendant 15 ans dans le domaine financier. Elle enseigne actuellement la finance d\u2019entreprise pour le groupe ESCEM. Elle est aussi ma\u00eetre de conf\u00e9rences \u00e0 l\u2019\u00c9cole nationale des Ponts et Chauss\u00e9es et en charge de cours au groupe HEC et \u00e0 l\u2019Universit\u00e9 Paris Dauphine.<\/p>\n<p><strong>Ed. Independtly Published (05\/07\/2019)<\/strong><\/p>\n<\/div>\n<p>Auteur: ALM<br \/>\n<a href=\"http:\/\/aujourdhui.ma\/culture\/livre\/la-motivation-au-travail-developper-lengagement-et-la-motivation-de-vos-collaborateurs-de-camille-hulot\">Cliquez ici pour lire l&rsquo;article depuis sa source.<\/a><\/p>\n","protected":false},"excerpt":{"rendered":"<p>Publi\u00e9 par ALM Date\u00a0:novembre 21, 2019 dans:Livre 1Vues L\u2019auteure est partie du constat que \u00abla plupart des entreprises souffrent actuellement d\u2019un d\u00e9sengagement profond de leurs \u00e9quipes et, malgr\u00e9 les actions mises en place, elles ne parviennent pas \u00e0 modifier significativement la situation. Pourtant la d\u00e9motivation au travail n\u2019est pas une fatalit\u00e9!\u00bb Son livre propose ainsi [&hellip;]<\/p>\n","protected":false},"author":1759,"featured_media":0,"comment_status":"closed","ping_status":"closed","sticky":false,"template":"","format":"standard","meta":{"fifu_image_url":"","fifu_image_alt":"","footnotes":""},"categories":[73,54],"tags":[],"class_list":["post-70846","post","type-post","status-publish","format-standard","hentry","category-actualite","category-maroc"],"_links":{"self":[{"href":"https:\/\/linitiative.ca\/International\/wp-json\/wp\/v2\/posts\/70846","targetHints":{"allow":["GET"]}}],"collection":[{"href":"https:\/\/linitiative.ca\/International\/wp-json\/wp\/v2\/posts"}],"about":[{"href":"https:\/\/linitiative.ca\/International\/wp-json\/wp\/v2\/types\/post"}],"author":[{"embeddable":true,"href":"https:\/\/linitiative.ca\/International\/wp-json\/wp\/v2\/users\/1759"}],"replies":[{"embeddable":true,"href":"https:\/\/linitiative.ca\/International\/wp-json\/wp\/v2\/comments?post=70846"}],"version-history":[{"count":0,"href":"https:\/\/linitiative.ca\/International\/wp-json\/wp\/v2\/posts\/70846\/revisions"}],"wp:attachment":[{"href":"https:\/\/linitiative.ca\/International\/wp-json\/wp\/v2\/media?parent=70846"}],"wp:term":[{"taxonomy":"category","embeddable":true,"href":"https:\/\/linitiative.ca\/International\/wp-json\/wp\/v2\/categories?post=70846"},{"taxonomy":"post_tag","embeddable":true,"href":"https:\/\/linitiative.ca\/International\/wp-json\/wp\/v2\/tags?post=70846"}],"curies":[{"name":"wp","href":"https:\/\/api.w.org\/{rel}","templated":true}]}}