{"id":70847,"date":"2019-12-21T03:08:57","date_gmt":"2019-12-21T08:08:57","guid":{"rendered":"https:\/\/linitiative.ca\/International\/al-aroui-un-adolescent-tue-son-ami-et-voisin\/"},"modified":"2019-12-21T03:08:57","modified_gmt":"2019-12-21T08:08:57","slug":"al-aroui-un-adolescent-tue-son-ami-et-voisin","status":"publish","type":"post","link":"https:\/\/linitiative.ca\/International\/al-aroui-un-adolescent-tue-son-ami-et-voisin\/","title":{"rendered":"Al Aroui : Un adolescent tue son ami et voisin"},"content":{"rendered":"<header>\n<\/header>\n<div class=\"entry-content clearfix\" readability=\"52\"><img decoding=\"async\" class=\"post_layout_5_img\" src=\"http:\/\/aujourdhui.ma\/wp-content\/uploads\/2016\/02\/Maroc-couteau-tueur.jpg?x29840\" alt=\"Al Aroui : Un adolescent tue son ami et voisin\"\/><\/p>\n<p class=\"p1\"><span class=\"c4\"><strong>A Al Aroui, situ\u00e9e \u00e0 vingtaine de kilom\u00e8tres au sud de la ville de Nador, un adolescent de dix-sept ans a mis fin, mardi dernier, vers 19h, \u00e0 la vie de son ami et voisin en lui ass\u00e9nant un coup de couteau, apprend-on d\u2019une source judiciaire.<\/strong><\/span> <span id=\"more-327377\"\/><\/p>\n<p class=\"p1\">Suite \u00e0 un diff\u00e9rend, le meurtrier a perdu le contr\u00f4le de ses nerfs pour saisir un couteau et donner un coup mortel \u00e0 la victime. Poussant un cri strident, la victime s\u2019est affal\u00e9e par terre.<\/p>\n<p class=\"p1\">Evacu\u00e9e vers le service des urgences de l\u2019h\u00f4pital Mohammed VI, \u00e0 Al Aroui, elle est pass\u00e9e de vie \u00e0 tr\u00e9pas. Les enqu\u00eateurs de la police judiciaire relevant de la s\u00fbret\u00e9 de la ville se sont d\u00e9p\u00each\u00e9s sur la sc\u00e8ne du crime et ont effectu\u00e9 le constat d\u2019usage avant l\u2019arrestation du mis en cause qui a \u00e9t\u00e9 maintenu en garde \u00e0 vue.<\/p>\n<\/div>\n<p>Auteur: Abderrafii ALOUMLIKI<br \/>\n<a href=\"http:\/\/aujourdhui.ma\/faits-divers\/al-aroui-un-adolescent-tue-son-ami-et-voisin\">Cliquez ici pour lire l&rsquo;article depuis sa source.<\/a><\/p>\n","protected":false},"excerpt":{"rendered":"<p>A Al Aroui, situ\u00e9e \u00e0 vingtaine de kilom\u00e8tres au sud de la ville de Nador, un adolescent de dix-sept ans a mis fin, mardi dernier, vers 19h, \u00e0 la vie de son ami et voisin en lui ass\u00e9nant un coup de couteau, apprend-on d\u2019une source judiciaire. Suite \u00e0 un diff\u00e9rend, le meurtrier a perdu le [&hellip;]<\/p>\n","protected":false},"author":1759,"featured_media":0,"comment_status":"closed","ping_status":"closed","sticky":false,"template":"","format":"standard","meta":{"fifu_image_url":"","fifu_image_alt":"","footnotes":""},"categories":[73,54],"tags":[],"class_list":["post-70847","post","type-post","status-publish","format-standard","hentry","category-actualite","category-maroc"],"_links":{"self":[{"href":"https:\/\/linitiative.ca\/International\/wp-json\/wp\/v2\/posts\/70847","targetHints":{"allow":["GET"]}}],"collection":[{"href":"https:\/\/linitiative.ca\/International\/wp-json\/wp\/v2\/posts"}],"about":[{"href":"https:\/\/linitiative.ca\/International\/wp-json\/wp\/v2\/types\/post"}],"author":[{"embeddable":true,"href":"https:\/\/linitiative.ca\/International\/wp-json\/wp\/v2\/users\/1759"}],"replies":[{"embeddable":true,"href":"https:\/\/linitiative.ca\/International\/wp-json\/wp\/v2\/comments?post=70847"}],"version-history":[{"count":0,"href":"https:\/\/linitiative.ca\/International\/wp-json\/wp\/v2\/posts\/70847\/revisions"}],"wp:attachment":[{"href":"https:\/\/linitiative.ca\/International\/wp-json\/wp\/v2\/media?parent=70847"}],"wp:term":[{"taxonomy":"category","embeddable":true,"href":"https:\/\/linitiative.ca\/International\/wp-json\/wp\/v2\/categories?post=70847"},{"taxonomy":"post_tag","embeddable":true,"href":"https:\/\/linitiative.ca\/International\/wp-json\/wp\/v2\/tags?post=70847"}],"curies":[{"name":"wp","href":"https:\/\/api.w.org\/{rel}","templated":true}]}}