{"id":70850,"date":"2019-12-21T03:12:59","date_gmt":"2019-12-21T08:12:59","guid":{"rendered":"https:\/\/linitiative.ca\/International\/stars-in-the-place-offre-un-concert-exceptionnel-a-marrakech\/"},"modified":"2019-12-21T03:12:59","modified_gmt":"2019-12-21T08:12:59","slug":"stars-in-the-place-offre-un-concert-exceptionnel-a-marrakech","status":"publish","type":"post","link":"https:\/\/linitiative.ca\/International\/stars-in-the-place-offre-un-concert-exceptionnel-a-marrakech\/","title":{"rendered":"\u00abStars in The Place\u00bb offre un concert exceptionnel \u00e0 Marrakech"},"content":{"rendered":"<header>\n<div class=\"entry-post-meta\">\n<div class=\"author-link\">Publi\u00e9 par <a itemprop=\"author\" itemscope=\"\" itemtype=\"https:\/\/schema.org\/Person\" href=\"http:\/\/aujourdhui.ma\/profile\/kaid\" rel=\"author\"><span itemprop=\"name\">ALM<\/span><\/a><\/div>\n<p>Date\u00a0:<time content=\"2019-11-21T09:12:59+00:00\" class=\"entry-date updated\" datetime=\"2019-11-21T09:12:59+00:00\">novembre 21, 2019<\/time><\/p>\n<div class=\"entry-cat\">dans:<a href=\"http:\/\/aujourdhui.ma\/category\/culture\/musique\" rel=\"category tag\">Musique<\/a><\/div>\n<p>2Vues<\/p>\n<\/div>\n<\/header>\n<div class=\"entry-content clearfix\" readability=\"48\"><img decoding=\"async\" class=\"post_layout_5_img\" src=\"http:\/\/aujourdhui.ma\/wp-content\/uploads\/2019\/12\/Stars-in-The-Place-Marrakeh.jpg?x29840\" alt=\"\u00abStars in The Place\u00bb offre un concert exceptionnel \u00e0 Marrakech\"\/><\/p>\n<p><span class=\"c4\"><strong>Rendez-vous artistique annuel d\u00e9sormais incontournable et 100% gratuit, la 3\u00e8me \u00e9dition de \u00abStars in The Place\u00bb c\u00e9l\u00e8bre la citoyennet\u00e9 \u00e0 travers un concert qui r\u00e9unira, le dimanche 29 d\u00e9cembre \u00e0 la place Jemaa El Fna, des artistes d\u2019exception, nationaux et internationaux :<\/strong><\/span> <span id=\"more-327024\"\/><\/p>\n<p>Gims sera entour\u00e9 de Dadju, Lartiste, Aminux, L7or et Mohamed Ramadan pour offrir au grand public une soir\u00e9e haute en couleur et riche en \u00e9motions.<\/p>\n<p>\u00abStars in The Place\u00bb est un concept port\u00e9 par Gims, qui invite ses amis artistes \u00e0 venir se produire gracieusement dans le but de partager leur passion pour le Maroc et pour Marrakech.<\/p>\n<\/div>\n<p>Auteur: ALM<br \/>\n<a href=\"http:\/\/aujourdhui.ma\/culture\/musique\/stars-in-the-place-offre-un-concert-exceptionnel-a-marrakech\">Cliquez ici pour lire l&rsquo;article depuis sa source.<\/a><\/p>\n","protected":false},"excerpt":{"rendered":"<p>Publi\u00e9 par ALM Date\u00a0:novembre 21, 2019 dans:Musique 2Vues Rendez-vous artistique annuel d\u00e9sormais incontournable et 100% gratuit, la 3\u00e8me \u00e9dition de \u00abStars in The Place\u00bb c\u00e9l\u00e8bre la citoyennet\u00e9 \u00e0 travers un concert qui r\u00e9unira, le dimanche 29 d\u00e9cembre \u00e0 la place Jemaa El Fna, des artistes d\u2019exception, nationaux et internationaux : Gims sera entour\u00e9 de Dadju, [&hellip;]<\/p>\n","protected":false},"author":1759,"featured_media":0,"comment_status":"closed","ping_status":"closed","sticky":false,"template":"","format":"standard","meta":{"fifu_image_url":"","fifu_image_alt":"","footnotes":""},"categories":[73,54],"tags":[],"class_list":["post-70850","post","type-post","status-publish","format-standard","hentry","category-actualite","category-maroc"],"_links":{"self":[{"href":"https:\/\/linitiative.ca\/International\/wp-json\/wp\/v2\/posts\/70850","targetHints":{"allow":["GET"]}}],"collection":[{"href":"https:\/\/linitiative.ca\/International\/wp-json\/wp\/v2\/posts"}],"about":[{"href":"https:\/\/linitiative.ca\/International\/wp-json\/wp\/v2\/types\/post"}],"author":[{"embeddable":true,"href":"https:\/\/linitiative.ca\/International\/wp-json\/wp\/v2\/users\/1759"}],"replies":[{"embeddable":true,"href":"https:\/\/linitiative.ca\/International\/wp-json\/wp\/v2\/comments?post=70850"}],"version-history":[{"count":0,"href":"https:\/\/linitiative.ca\/International\/wp-json\/wp\/v2\/posts\/70850\/revisions"}],"wp:attachment":[{"href":"https:\/\/linitiative.ca\/International\/wp-json\/wp\/v2\/media?parent=70850"}],"wp:term":[{"taxonomy":"category","embeddable":true,"href":"https:\/\/linitiative.ca\/International\/wp-json\/wp\/v2\/categories?post=70850"},{"taxonomy":"post_tag","embeddable":true,"href":"https:\/\/linitiative.ca\/International\/wp-json\/wp\/v2\/tags?post=70850"}],"curies":[{"name":"wp","href":"https:\/\/api.w.org\/{rel}","templated":true}]}}