{"id":70851,"date":"2019-12-21T06:41:08","date_gmt":"2019-12-21T11:41:08","guid":{"rendered":"https:\/\/linitiative.ca\/International\/transport-aerien-greve-sans-preavis-des-pilotes-a-tunisair\/"},"modified":"2019-12-21T06:41:08","modified_gmt":"2019-12-21T11:41:08","slug":"transport-aerien-greve-sans-preavis-des-pilotes-a-tunisair","status":"publish","type":"post","link":"https:\/\/linitiative.ca\/International\/transport-aerien-greve-sans-preavis-des-pilotes-a-tunisair\/","title":{"rendered":"Transport a\u00e9rien\u00a0: Gr\u00e8ve sans pr\u00e9avis des pilotes \u00e0 Tunisair"},"content":{"rendered":"<p>La compagnie a\u00e9rienne Tunisair annonce dans un communiqu\u00e9 sur sa page Facebook l\u2019annulation du vol 724 \u00e0 destination de Paris programm\u00e9 ce jeudi. \u00ab Les raisons de l\u2019annulation de ce vol sont dues \u00e0 une gr\u00e8ve soudaine des pilotes sans notification pr\u00e9alable, dans le but de faire pression sur les autorit\u00e9s administratives et gouvernementales pour qu\u2019elles signent un projet d\u2019augmentation de leurs salaires qui est encore en phase d\u2019examen par le gouvernement apr\u00e8s l\u2019approbation de l\u2019administration g\u00e9n\u00e9rale de Tunisair et du minist\u00e8re des Transports sur son contenu \u00bb, pr\u00e9cise la compagnie a\u00e9rienne. Tunisair pr\u00e9cise que \u00ab les accords de ce type sont soumis \u00e0 l\u2019\u00e9tude et \u00e0 l\u2019approbation des structures \u00e9tatiques dans des d\u00e9lais raisonnables \u00bb. \u00ab Tout en pr\u00e9sentant ses excuses aux clients, le transporteur national se r\u00e9serve le droit de poursuivre quiconque entrave le fonctionnement de ce service public \u00bb, ajoute le communiqu\u00e9.<\/p>\n<p class=\"dpsp-share-text\">Partager c&rsquo;est aimer!<\/p>\n<div class=\"wp-post-author-wrap wp-post-author-shortcode left\">\n<h3 class=\"awpa-title\"\/>\n<div class=\"wp-post-author\">\n<div class=\"awpa-img awpa-author-block square\"><a href=\"http:\/\/lexpertjournal.net\/fr\/author\/expert\/\"><img loading=\"lazy\" decoding=\"async\" alt=\"\" src=\"http:\/\/0.gravatar.com\/avatar\/c828f0b17d24309f0d01a4eac3747085?s=150&#038;d=mm&#038;r=g\" srcset=\"http:\/\/0.gravatar.com\/avatar\/c828f0b17d24309f0d01a4eac3747085?s=300&#038;d=mm&#038;r=g 2x\" class=\"avatar avatar-150 photo\" height=\"150\" width=\"150\"\/><\/a><\/div>\n<\/div>\n<\/div>\n<p>Auteur: L&rsquo;expert<br \/>\n<a href=\"http:\/\/lexpertjournal.net\/fr\/2019\/12\/21\/transport-aerien-greve-sans-preavis-des-pilotes-a-tunisair\/\">Cliquez ici pour lire l&rsquo;article depuis sa source.<\/a><\/p>\n","protected":false},"excerpt":{"rendered":"<p>La compagnie a\u00e9rienne Tunisair annonce dans un communiqu\u00e9 sur sa page Facebook l\u2019annulation du vol 724 \u00e0 destination de Paris programm\u00e9 ce jeudi. \u00ab Les raisons de l\u2019annulation de ce vol sont dues \u00e0 une gr\u00e8ve soudaine des pilotes sans notification pr\u00e9alable, dans le but de faire pression sur les autorit\u00e9s administratives et gouvernementales pour [&hellip;]<\/p>\n","protected":false},"author":1775,"featured_media":0,"comment_status":"closed","ping_status":"closed","sticky":false,"template":"","format":"standard","meta":{"fifu_image_url":"","fifu_image_alt":"","footnotes":""},"categories":[78,55],"tags":[],"class_list":["post-70851","post","type-post","status-publish","format-standard","hentry","category-economie","category-tunisie"],"_links":{"self":[{"href":"https:\/\/linitiative.ca\/International\/wp-json\/wp\/v2\/posts\/70851","targetHints":{"allow":["GET"]}}],"collection":[{"href":"https:\/\/linitiative.ca\/International\/wp-json\/wp\/v2\/posts"}],"about":[{"href":"https:\/\/linitiative.ca\/International\/wp-json\/wp\/v2\/types\/post"}],"author":[{"embeddable":true,"href":"https:\/\/linitiative.ca\/International\/wp-json\/wp\/v2\/users\/1775"}],"replies":[{"embeddable":true,"href":"https:\/\/linitiative.ca\/International\/wp-json\/wp\/v2\/comments?post=70851"}],"version-history":[{"count":0,"href":"https:\/\/linitiative.ca\/International\/wp-json\/wp\/v2\/posts\/70851\/revisions"}],"wp:attachment":[{"href":"https:\/\/linitiative.ca\/International\/wp-json\/wp\/v2\/media?parent=70851"}],"wp:term":[{"taxonomy":"category","embeddable":true,"href":"https:\/\/linitiative.ca\/International\/wp-json\/wp\/v2\/categories?post=70851"},{"taxonomy":"post_tag","embeddable":true,"href":"https:\/\/linitiative.ca\/International\/wp-json\/wp\/v2\/tags?post=70851"}],"curies":[{"name":"wp","href":"https:\/\/api.w.org\/{rel}","templated":true}]}}