{"id":70852,"date":"2019-12-21T06:43:10","date_gmt":"2019-12-21T11:43:10","guid":{"rendered":"https:\/\/linitiative.ca\/International\/parlement-defection-de-deux-deputes-de-la-coalition-al-karama\/"},"modified":"2019-12-21T06:43:10","modified_gmt":"2019-12-21T11:43:10","slug":"parlement-defection-de-deux-deputes-de-la-coalition-al-karama","status":"publish","type":"post","link":"https:\/\/linitiative.ca\/International\/parlement-defection-de-deux-deputes-de-la-coalition-al-karama\/","title":{"rendered":"Parlement : D\u00e9fection de deux d\u00e9put\u00e9s de la Coalition Al Karama"},"content":{"rendered":"<p>Les deux d\u00e9put\u00e9s de l\u2019Assembl\u00e9e des repr\u00e9sentants du peuple, de la coalition Al Karama, Rached Khiari et Miled Ben Daly ont annonc\u00e9 leur d\u00e9mission de la coalition jeudi, sans pr\u00e9ciser les raisons. \u00ab Je pr\u00e9sent\u00e9 ainsi que mon coll\u00e8gue nos d\u00e9mission du bloc Al Karama apr\u00e8s avoir \u00e9t\u00e9 d\u00e9pos\u00e9es au bureau du parlement aujourd\u2019hui \u00bb, a d\u00e9clar\u00e9 Khiari, sans aucune pr\u00e9cision sur les raisons. Khiari avait annonc\u00e9 jeudi soir sur son compte Facebook qu\u2019il ne fait plus partie d\u2019aucun bloc parlementaire et pr\u00e9f\u00e8re taire les raisons de sa d\u00e9mission, tout en souhaitant \u00e0 ses ex- camarades beaucoup de chance et de r\u00e9ussite. Rached Khiari avait \u00e9t\u00e9 \u00e9lu de la circonscription de Manouba aux derni\u00e8res l\u00e9gislatives, dans la liste de la coalition A Karama, rappelle-t-on. La Coalition Al Karama qui compte 21 d\u00e9put\u00e9s est le quatri\u00e8me plus grand groupe au Parlement derri\u00e8re Ennahdha, le courant d\u00e9mocrate et Qalb Toun\u00e8s. Selon des rapports de presse, les raisons des deux d\u00e9missions seraient motiv\u00e9es par des divergences sur la pr\u00e9sidence et la composition de la commission des \u00e9nergies du parlement, un dossier qui a \u00e9t\u00e9 le cheval de bataille de la coalition durant la campagne \u00e9lectorale.<\/p>\n<p class=\"dpsp-share-text\">Partager c&rsquo;est aimer!<\/p>\n<div class=\"wp-post-author-wrap wp-post-author-shortcode left\">\n<h3 class=\"awpa-title\"\/>\n<div class=\"wp-post-author\">\n<div class=\"awpa-img awpa-author-block square\"><a href=\"http:\/\/lexpertjournal.net\/fr\/author\/expert\/\"><img loading=\"lazy\" decoding=\"async\" alt=\"\" src=\"http:\/\/0.gravatar.com\/avatar\/c828f0b17d24309f0d01a4eac3747085?s=150&#038;d=mm&#038;r=g\" srcset=\"http:\/\/0.gravatar.com\/avatar\/c828f0b17d24309f0d01a4eac3747085?s=300&#038;d=mm&#038;r=g 2x\" class=\"avatar avatar-150 photo\" height=\"150\" width=\"150\"\/><\/a><\/div>\n<\/div>\n<\/div>\n<p>Auteur: L&rsquo;expert<br \/>\n<a href=\"http:\/\/lexpertjournal.net\/fr\/2019\/12\/21\/parlement-defection-de-deux-deputes-de-la-coalition-al-karama\/\">Cliquez ici pour lire l&rsquo;article depuis sa source.<\/a><\/p>\n","protected":false},"excerpt":{"rendered":"<p>Les deux d\u00e9put\u00e9s de l\u2019Assembl\u00e9e des repr\u00e9sentants du peuple, de la coalition Al Karama, Rached Khiari et Miled Ben Daly ont annonc\u00e9 leur d\u00e9mission de la coalition jeudi, sans pr\u00e9ciser les raisons. \u00ab Je pr\u00e9sent\u00e9 ainsi que mon coll\u00e8gue nos d\u00e9mission du bloc Al Karama apr\u00e8s avoir \u00e9t\u00e9 d\u00e9pos\u00e9es au bureau du parlement aujourd\u2019hui \u00bb, [&hellip;]<\/p>\n","protected":false},"author":1775,"featured_media":0,"comment_status":"closed","ping_status":"closed","sticky":false,"template":"","format":"standard","meta":{"fifu_image_url":"","fifu_image_alt":"","footnotes":""},"categories":[78,55],"tags":[],"class_list":["post-70852","post","type-post","status-publish","format-standard","hentry","category-economie","category-tunisie"],"_links":{"self":[{"href":"https:\/\/linitiative.ca\/International\/wp-json\/wp\/v2\/posts\/70852","targetHints":{"allow":["GET"]}}],"collection":[{"href":"https:\/\/linitiative.ca\/International\/wp-json\/wp\/v2\/posts"}],"about":[{"href":"https:\/\/linitiative.ca\/International\/wp-json\/wp\/v2\/types\/post"}],"author":[{"embeddable":true,"href":"https:\/\/linitiative.ca\/International\/wp-json\/wp\/v2\/users\/1775"}],"replies":[{"embeddable":true,"href":"https:\/\/linitiative.ca\/International\/wp-json\/wp\/v2\/comments?post=70852"}],"version-history":[{"count":0,"href":"https:\/\/linitiative.ca\/International\/wp-json\/wp\/v2\/posts\/70852\/revisions"}],"wp:attachment":[{"href":"https:\/\/linitiative.ca\/International\/wp-json\/wp\/v2\/media?parent=70852"}],"wp:term":[{"taxonomy":"category","embeddable":true,"href":"https:\/\/linitiative.ca\/International\/wp-json\/wp\/v2\/categories?post=70852"},{"taxonomy":"post_tag","embeddable":true,"href":"https:\/\/linitiative.ca\/International\/wp-json\/wp\/v2\/tags?post=70852"}],"curies":[{"name":"wp","href":"https:\/\/api.w.org\/{rel}","templated":true}]}}