{"id":70853,"date":"2019-12-21T06:45:18","date_gmt":"2019-12-21T11:45:18","guid":{"rendered":"https:\/\/linitiative.ca\/International\/apres-un-accord-avec-la-douane-report-sine-die-de-la-greve-dans-le-secteur-de-la-friperie\/"},"modified":"2019-12-21T06:45:18","modified_gmt":"2019-12-21T11:45:18","slug":"apres-un-accord-avec-la-douane-report-sine-die-de-la-greve-dans-le-secteur-de-la-friperie","status":"publish","type":"post","link":"https:\/\/linitiative.ca\/International\/apres-un-accord-avec-la-douane-report-sine-die-de-la-greve-dans-le-secteur-de-la-friperie\/","title":{"rendered":"Apr\u00e8s un accord avec la Douane\u00a0: Report sine die de la gr\u00e8ve dans le secteur de la friperie"},"content":{"rendered":"<p>Les deux chambres nationales syndicales des commer\u00e7ants grossistes de friperie (importation, exportation, distribution, recyclage et fabrication), relevant de l\u2019UTICA, ont d\u00e9cid\u00e9 de suspendre la gr\u00e8ve pr\u00e9vue initialement pour le 20 d\u00e9cembre 2019, et de la reporter sine die. Les deux chambres avaient d\u00e9cid\u00e9 d\u2019organiser une gr\u00e8ve g\u00e9n\u00e9rale, \u00e0 cause de plusieurs probl\u00e8mes dont souffre le secteur et principalement, d\u2019une note publi\u00e9e par la douane tunisienne en date de 22 novembre 2019, qui interdit le tri des chaussures usag\u00e9es, lequel est d\u00e9sormais consid\u00e9r\u00e9 comme un d\u00e9lit. Le pr\u00e9sident de la chambre syndicale des commen\u00e7ants de gros, Sahbi Maalaoui a pr\u00e9cis\u00e9 qu&rsquo; \u00bbon est parvenu \u00e0 un accord avec la Douane Tunisienne pour annuler cette note \u00bb. De son c\u00f4t\u00e9, le porte-parole officiel de la direction g\u00e9n\u00e9rale de la Douane tunisienne, Haythem Zanad a pr\u00e9cis\u00e9 qu\u2019une s\u00e9ance de travail s\u2019est tenue la semaine pr\u00e9c\u00e9dente avec les professionnels du secteur de la friperie, au cours de laquelle il a \u00e9t\u00e9 convenu de mettre en place certaines garanties concernant l\u2019application de la note de la douane publi\u00e9e r\u00e9cemment, pour assurer la non commercialisation des chaussures usag\u00e9es sur le march\u00e9 local \u00bb. Il a pr\u00e9cis\u00e9 que si ces conditions ne sont pas \u00e9t\u00e9 respect\u00e9es, les dispositions de cette note seront automatiquement, appliqu\u00e9es. D\u2019apr\u00e8s Zanad, Il a \u00e9t\u00e9 d\u00e9cid\u00e9 de suspendre la gr\u00e8ve des professionnels de la friperie, et de consacrer des endroits s\u00e9curis\u00e9s au sein des entrep\u00f4ts industriels de tri des v\u00eatements usag\u00e9s, pour le stockage des chaussures usag\u00e9es, tri\u00e9es pour la r\u00e9exportation. En outre, \u00ab ces entrep\u00f4ts doivent \u00eatre ferm\u00e9s par deux cl\u00e9s, dont l\u2019une est d\u00e9tenue par l\u2019agent de la douane, charg\u00e9 du contr\u00f4le de l\u2019entrep\u00f4t, en vue de renforcer le syst\u00e8me de contr\u00f4le, tout en mettant en place un syst\u00e8me de vid\u00e9osurveillance \u00bb. De m\u00eame, \u00ab les quantit\u00e9s des chaussures tri\u00e9es et stock\u00e9es dans les entrep\u00f4ts industriels seront r\u00e9gularis\u00e9es \u00e0 travers l\u2019exportation ou seront d\u00e9truites au bout d\u2019un d\u00e9lai de 6 mois au maximum \u00bb. Selon un communiqu\u00e9 publi\u00e9 jeudi par les deux chambres nationales syndicales des commer\u00e7ants grossistes de friperie, le minist\u00e8re du Commerce s\u2019est engag\u00e9 \u00e0 r\u00e9activer la Commission en charge du secteur de la friperie, \u00e0 partir de la nouvelle ann\u00e9e 2020, afin d\u2019instaurer un dialogue entre les professionnels du secteur, le minist\u00e8re du Commerce, ainsi que la douane et les d\u00e9partements concern\u00e9s. Cette commission aura pour mission de d\u00e9finir les solutions ad\u00e9quates, afin d\u2019assurer la p\u00e9rennit\u00e9 de ce secteur. Selon le pr\u00e9sident de la chambre syndicale des commen\u00e7ants de gros, les membres de cette commission se pencheront sur l\u2019autorisation de l\u2019exercice de l\u2019activit\u00e9 du commerce de la friperie entre les gouvernorats, la r\u00e9vision de l\u2019octroi des cartes professionnelles aux commer\u00e7ants de d\u00e9tail pour qu\u2019ils puissent avoir une patente et la fixation d\u2019un quota limit\u00e9 pour le commerce du cuir qui n\u2019aura pas d\u2019impact sur la production locale et qui sera soumis au contr\u00f4le sanitaire. Les r\u00e9unions de cette commission charg\u00e9e d\u2019organiser l\u2019activit\u00e9 de la friperie, avaient cess\u00e9 depuis trois ans, alors qu\u2019elles se tenaient auparavant p\u00e9riodiquement, au minist\u00e8re du Commerce, en pr\u00e9sence de tous les intervenants et les professionnels. Le secteur de la friperie compte plus de 300 mille emplois directs et non directs.<\/p>\n<p class=\"dpsp-share-text\">Partager c&rsquo;est aimer!<\/p>\n<div class=\"wp-post-author-wrap wp-post-author-shortcode left\">\n<h3 class=\"awpa-title\"\/>\n<div class=\"wp-post-author\">\n<div class=\"awpa-img awpa-author-block square\"><a href=\"http:\/\/lexpertjournal.net\/fr\/author\/expert\/\"><img loading=\"lazy\" decoding=\"async\" alt=\"\" src=\"http:\/\/0.gravatar.com\/avatar\/c828f0b17d24309f0d01a4eac3747085?s=150&#038;d=mm&#038;r=g\" srcset=\"http:\/\/0.gravatar.com\/avatar\/c828f0b17d24309f0d01a4eac3747085?s=300&#038;d=mm&#038;r=g 2x\" class=\"avatar avatar-150 photo\" height=\"150\" width=\"150\"\/><\/a><\/div>\n<\/div>\n<\/div>\n<p>Auteur: L&rsquo;expert<br \/>\n<a href=\"http:\/\/lexpertjournal.net\/fr\/2019\/12\/21\/apres-un-accord-avec-la-douane-report-sine-die-de-la-greve-dans-le-secteur-de-la-friperie\/\">Cliquez ici pour lire l&rsquo;article depuis sa source.<\/a><\/p>\n","protected":false},"excerpt":{"rendered":"<p>Les deux chambres nationales syndicales des commer\u00e7ants grossistes de friperie (importation, exportation, distribution, recyclage et fabrication), relevant de l\u2019UTICA, ont d\u00e9cid\u00e9 de suspendre la gr\u00e8ve pr\u00e9vue initialement pour le 20 d\u00e9cembre 2019, et de la reporter sine die. Les deux chambres avaient d\u00e9cid\u00e9 d\u2019organiser une gr\u00e8ve g\u00e9n\u00e9rale, \u00e0 cause de plusieurs probl\u00e8mes dont souffre le [&hellip;]<\/p>\n","protected":false},"author":1775,"featured_media":0,"comment_status":"closed","ping_status":"closed","sticky":false,"template":"","format":"standard","meta":{"fifu_image_url":"","fifu_image_alt":"","footnotes":""},"categories":[78,55],"tags":[],"class_list":["post-70853","post","type-post","status-publish","format-standard","hentry","category-economie","category-tunisie"],"_links":{"self":[{"href":"https:\/\/linitiative.ca\/International\/wp-json\/wp\/v2\/posts\/70853","targetHints":{"allow":["GET"]}}],"collection":[{"href":"https:\/\/linitiative.ca\/International\/wp-json\/wp\/v2\/posts"}],"about":[{"href":"https:\/\/linitiative.ca\/International\/wp-json\/wp\/v2\/types\/post"}],"author":[{"embeddable":true,"href":"https:\/\/linitiative.ca\/International\/wp-json\/wp\/v2\/users\/1775"}],"replies":[{"embeddable":true,"href":"https:\/\/linitiative.ca\/International\/wp-json\/wp\/v2\/comments?post=70853"}],"version-history":[{"count":0,"href":"https:\/\/linitiative.ca\/International\/wp-json\/wp\/v2\/posts\/70853\/revisions"}],"wp:attachment":[{"href":"https:\/\/linitiative.ca\/International\/wp-json\/wp\/v2\/media?parent=70853"}],"wp:term":[{"taxonomy":"category","embeddable":true,"href":"https:\/\/linitiative.ca\/International\/wp-json\/wp\/v2\/categories?post=70853"},{"taxonomy":"post_tag","embeddable":true,"href":"https:\/\/linitiative.ca\/International\/wp-json\/wp\/v2\/tags?post=70853"}],"curies":[{"name":"wp","href":"https:\/\/api.w.org\/{rel}","templated":true}]}}