{"id":70859,"date":"2019-12-21T09:45:00","date_gmt":"2019-12-21T14:45:00","guid":{"rendered":"https:\/\/linitiative.ca\/International\/une-large-campagne-de-solidarite-apres-larrestation-dabdelkader-djeriou\/"},"modified":"2019-12-21T09:45:00","modified_gmt":"2019-12-21T14:45:00","slug":"une-large-campagne-de-solidarite-apres-larrestation-dabdelkader-djeriou","status":"publish","type":"post","link":"https:\/\/linitiative.ca\/International\/une-large-campagne-de-solidarite-apres-larrestation-dabdelkader-djeriou\/","title":{"rendered":"Une large campagne de solidarit\u00e9 apr\u00e8s l&rsquo;arrestation d&rsquo;Abdelkader Djeriou"},"content":{"rendered":"<div id=\"originalText\" readability=\"81.4656956688\">\n<p>L\u2019acteur engag\u00e9 Abdelkader Djeriou a \u00e9t\u00e9 arr\u00eat\u00e9 hier, \u00e0 15h30, au niveau du barrage de la gendarmerie d\u2019Oued Tl\u00e9lat, alors qu\u2019il se dirigeait vers Oran. Le com\u00e9dien connu pour son engagement en faveur du mouvement populaire est maintenu en garde \u00e0 vue jusqu\u2019\u00e0 demain 22 d\u00e9cembre o\u00f9 il sera pr\u00e9sent\u00e9 devant le procureur de la r\u00e9publique pr\u00e8s le tribunal de Tl\u00e9lat, affirme le Comit\u00e9 National pour la lib\u00e9ration des d\u00e9tenus (CNLD) sur sa page facebook.\u00a0<\/p>\n<p>Selon l&rsquo;avocat d&rsquo;Abdelkader Djeriou, il lui est reproch\u00e9 l\u2019\u00ab\u00a0incitation \u00e0 un attroupement \u00bb, et ce, suite \u00e0 sa derni\u00e8re vid\u00e9o, publi\u00e9e il y\u2019a une semaine sur les r\u00e9seaux sociaux, dans laquelle le metteur en sc\u00e8ne appelait\u00a0les alg\u00e9riens \u00e0 se rassembler \u00e0 Oran, en solidarit\u00e9 avec les manifestants violent\u00e9s par la police le vendredi 13 d\u00e9cembre, lors de la 43e\u00a0manifestation populaire. Le r\u00e9alisateur de \u00ab\u00a0Nass Stah\u00a0\u00bb n\u2019est pas \u00e0 sa premi\u00e8re intervention, en effet. Il est connu pour\u00a0ses positions politiques contre le pouvoir en place. \u00c0 la veille du scrutin pr\u00e9sidentiel, il publiait \u00e9galement une autre vid\u00e9o o\u00f9 il r\u00e9affirmait son refus des \u00e9lections et o\u00f9 il exprimait son soutien aux d\u00e9tenus d\u2019opinion. Appr\u00e9ci\u00e9 par bon nombre d\u2019internautes et poss\u00e9dant une communaut\u00e9 importante, ses vid\u00e9os qui sont relay\u00e9es sur toutes les pages Facebook et cha\u00eenes Youtube connaissent une large audience.<\/p>\n<p class=\"c7\"><iframe loading=\"lazy\" allowfullscreen=\"true\" allowtransparency=\"true\" frameborder=\"0\" height=\"476\" scrolling=\"no\" src=\"https:\/\/web.facebook.com\/plugins\/video.php?href=https%3A%2F%2Fweb.facebook.com%2Fkader.djeriou.71%2Fvideos%2F161646418540391%2F&#038;show_text=0&#038;width=267\" class=\"c6\" width=\"267\">[embedded content]<\/iframe><\/p>\n<p>La chasse aux artistes engag\u00e9s et activistes semble ainsi se poursuivre, puisque, Abdelkader Djeriou est le troisi\u00e8me artiste arr\u00eat\u00e9 en l\u2019espace d\u2019\u00e0 peine un mois, apr\u00e8s la condamnation \u00e0 un an de prison, dont trois mois ferme du b\u00e9d\u00e9iste Abdelhamid Amine, dit Nime, et du jeune po\u00e8te Mohamed Tadjadit, condamn\u00e9, jeudi dernier, \u00e0 18 mois de prison ferme, accus\u00e9 d\u2019\u00ab atteinte \u00e0 l\u2019int\u00e9r\u00eat national\u00bb pour des publications sur Facebook.\u00a0<\/p>\n<p>D\u00e8s l\u2019annonce de la nouvelle, hier dans la soir\u00e9e, les internautes n\u2019ont pas tard\u00e9 \u00e0 r\u00e9agir pour exprimer leur soutien \u00e0 l\u2019acteur, \u00ab\u00a0Lib\u00e9rez Abdelkader Djeriou, \u00ab\u00a0Il n\u2019est pas un artiste !! Il est un champion et un brave\u00a0\u00bb. \u00ab\u00a0Monsieur Abdelkader Djeriou, vous \u00eates vraiment (weld halal), \u00e0 cette occasion j&rsquo;exprime ma solidarit\u00e9 avec vous\u00a0\u00bb. \u00ab\u00a0Libert\u00e9 imm\u00e9diate et sans conditions pour l&rsquo;artiste du peuple Abdelkader Djeriou\u00a0\u00bb sont parmi les nombreuses r\u00e9actions partag\u00e9es sur les r\u00e9seaux sociaux.<\/p>\n<blockquote class=\"twitter-tweet\" readability=\"6.2874251497\">\n<p dir=\"ltr\" lang=\"fr\">Mon grand soutien \u00e0u com\u00e9dien Abdelkader Djeriou arr\u00eat\u00e9 \u00e0 Oran. C&rsquo;est un grand Homme libre, chapeau l&rsquo;artiste.<\/p>\n<p>\u2014 Arezki-Ath-Yahia (@ArezkiAth) <a href=\"https:\/\/twitter.com\/ArezkiAth\/status\/1208143869994557441?ref_src=twsrc%5Etfw\">December 20, 2019<\/a><\/p><\/blockquote>\n<p class=\"c8\"><strong>Sihem Benmalek\u00a0<\/strong><\/p>\n<\/div>\n<div id=\"text_core\" readability=\"81.4656956688\">\n<p>L\u2019acteur engag\u00e9 Abdelkader Djeriou a \u00e9t\u00e9 arr\u00eat\u00e9 hier, \u00e0 15h30, au niveau du barrage de la gendarmerie d\u2019Oued Tl\u00e9lat, alors qu\u2019il se dirigeait vers Oran. Le com\u00e9dien connu pour son engagement en faveur du mouvement populaire est maintenu en garde \u00e0 vue jusqu\u2019\u00e0 demain 22 d\u00e9cembre o\u00f9 il sera pr\u00e9sent\u00e9 devant le procureur de la r\u00e9publique pr\u00e8s le tribunal de Tl\u00e9lat, affirme le Comit\u00e9 National pour la lib\u00e9ration des d\u00e9tenus (CNLD) sur sa page facebook.\u00a0<\/p>\n<p>Selon l&rsquo;avocat d&rsquo;Abdelkader Djeriou, il lui est reproch\u00e9 l\u2019\u00ab\u00a0incitation \u00e0 un attroupement \u00bb, et ce, suite \u00e0 sa derni\u00e8re vid\u00e9o, publi\u00e9e il y\u2019a une semaine sur les r\u00e9seaux sociaux, dans laquelle le metteur en sc\u00e8ne appelait\u00a0les alg\u00e9riens \u00e0 se rassembler \u00e0 Oran, en solidarit\u00e9 avec les manifestants violent\u00e9s par la police le vendredi 13 d\u00e9cembre, lors de la 43e\u00a0manifestation populaire. Le r\u00e9alisateur de \u00ab\u00a0Nass Stah\u00a0\u00bb n\u2019est pas \u00e0 sa premi\u00e8re intervention, en effet. Il est connu pour\u00a0ses positions politiques contre le pouvoir en place. \u00c0 la veille du scrutin pr\u00e9sidentiel, il publiait \u00e9galement une autre vid\u00e9o o\u00f9 il r\u00e9affirmait son refus des \u00e9lections et o\u00f9 il exprimait son soutien aux d\u00e9tenus d\u2019opinion. Appr\u00e9ci\u00e9 par bon nombre d\u2019internautes et poss\u00e9dant une communaut\u00e9 importante, ses vid\u00e9os qui sont relay\u00e9es sur toutes les pages Facebook et cha\u00eenes Youtube connaissent une large audience.<\/p>\n<p class=\"c7\"><iframe loading=\"lazy\" allowfullscreen=\"true\" allowtransparency=\"true\" frameborder=\"0\" height=\"476\" scrolling=\"no\" src=\"https:\/\/web.facebook.com\/plugins\/video.php?href=https%3A%2F%2Fweb.facebook.com%2Fkader.djeriou.71%2Fvideos%2F161646418540391%2F&#038;show_text=0&#038;width=267\" class=\"c6\" width=\"267\">[embedded content]<\/iframe><\/p>\n<p>La chasse aux artistes engag\u00e9s et activistes semble ainsi se poursuivre, puisque, Abdelkader Djeriou est le troisi\u00e8me artiste arr\u00eat\u00e9 en l\u2019espace d\u2019\u00e0 peine un mois, apr\u00e8s la condamnation \u00e0 un an de prison, dont trois mois ferme du b\u00e9d\u00e9iste Abdelhamid Amine, dit Nime, et du jeune po\u00e8te Mohamed Tadjadit, condamn\u00e9, jeudi dernier, \u00e0 18 mois de prison ferme, accus\u00e9 d\u2019\u00ab atteinte \u00e0 l\u2019int\u00e9r\u00eat national\u00bb pour des publications sur Facebook.\u00a0<\/p>\n<p>D\u00e8s l\u2019annonce de la nouvelle, hier dans la soir\u00e9e, les internautes n\u2019ont pas tard\u00e9 \u00e0 r\u00e9agir pour exprimer leur soutien \u00e0 l\u2019acteur, \u00ab\u00a0Lib\u00e9rez Abdelkader Djeriou, \u00ab\u00a0Il n\u2019est pas un artiste !! Il est un champion et un brave\u00a0\u00bb. \u00ab\u00a0Monsieur Abdelkader Djeriou, vous \u00eates vraiment (weld halal), \u00e0 cette occasion j&rsquo;exprime ma solidarit\u00e9 avec vous\u00a0\u00bb. \u00ab\u00a0Libert\u00e9 imm\u00e9diate et sans conditions pour l&rsquo;artiste du peuple Abdelkader Djeriou\u00a0\u00bb sont parmi les nombreuses r\u00e9actions partag\u00e9es sur les r\u00e9seaux sociaux.<\/p>\n<blockquote class=\"twitter-tweet\" readability=\"6.2874251497\">\n<p dir=\"ltr\" lang=\"fr\">Mon grand soutien \u00e0u com\u00e9dien Abdelkader Djeriou arr\u00eat\u00e9 \u00e0 Oran. C&rsquo;est un grand Homme libre, chapeau l&rsquo;artiste.<\/p>\n<p>\u2014 Arezki-Ath-Yahia (@ArezkiAth) <a href=\"https:\/\/twitter.com\/ArezkiAth\/status\/1208143869994557441?ref_src=twsrc%5Etfw\">December 20, 2019<\/a><\/p><\/blockquote>\n<p class=\"c8\"><strong>Sihem Benmalek\u00a0<\/strong><\/p>\n<\/div>\n<p>Auteur:<br \/>\n<a href=\"https:\/\/www.liberte-algerie.com\/evenement-auto\/une-large-campagne-de-solidarite-apres-larrestation-dabdelkader-djeriou-330566\">Cliquez ici pour lire l&rsquo;article depuis sa source.<\/a><\/p>\n","protected":false},"excerpt":{"rendered":"<p>L\u2019acteur engag\u00e9 Abdelkader Djeriou a \u00e9t\u00e9 arr\u00eat\u00e9 hier, \u00e0 15h30, au niveau du barrage de la gendarmerie d\u2019Oued Tl\u00e9lat, alors qu\u2019il se dirigeait vers Oran. Le com\u00e9dien connu pour son engagement en faveur du mouvement populaire est maintenu en garde \u00e0 vue jusqu\u2019\u00e0 demain 22 d\u00e9cembre o\u00f9 il sera pr\u00e9sent\u00e9 devant le procureur de la [&hellip;]<\/p>\n","protected":false},"author":1742,"featured_media":0,"comment_status":"closed","ping_status":"closed","sticky":false,"template":"","format":"standard","meta":{"fifu_image_url":"","fifu_image_alt":"","footnotes":""},"categories":[73,53],"tags":[],"class_list":["post-70859","post","type-post","status-publish","format-standard","hentry","category-actualite","category-algerie"],"_links":{"self":[{"href":"https:\/\/linitiative.ca\/International\/wp-json\/wp\/v2\/posts\/70859","targetHints":{"allow":["GET"]}}],"collection":[{"href":"https:\/\/linitiative.ca\/International\/wp-json\/wp\/v2\/posts"}],"about":[{"href":"https:\/\/linitiative.ca\/International\/wp-json\/wp\/v2\/types\/post"}],"author":[{"embeddable":true,"href":"https:\/\/linitiative.ca\/International\/wp-json\/wp\/v2\/users\/1742"}],"replies":[{"embeddable":true,"href":"https:\/\/linitiative.ca\/International\/wp-json\/wp\/v2\/comments?post=70859"}],"version-history":[{"count":0,"href":"https:\/\/linitiative.ca\/International\/wp-json\/wp\/v2\/posts\/70859\/revisions"}],"wp:attachment":[{"href":"https:\/\/linitiative.ca\/International\/wp-json\/wp\/v2\/media?parent=70859"}],"wp:term":[{"taxonomy":"category","embeddable":true,"href":"https:\/\/linitiative.ca\/International\/wp-json\/wp\/v2\/categories?post=70859"},{"taxonomy":"post_tag","embeddable":true,"href":"https:\/\/linitiative.ca\/International\/wp-json\/wp\/v2\/tags?post=70859"}],"curies":[{"name":"wp","href":"https:\/\/api.w.org\/{rel}","templated":true}]}}