{"id":70860,"date":"2019-12-21T10:05:09","date_gmt":"2019-12-21T15:05:09","guid":{"rendered":"https:\/\/linitiative.ca\/International\/2019-un-rayonnement-culturel-de-la-region-marrakech-safi\/"},"modified":"2019-12-21T10:05:09","modified_gmt":"2019-12-21T15:05:09","slug":"2019-un-rayonnement-culturel-de-la-region-marrakech-safi","status":"publish","type":"post","link":"https:\/\/linitiative.ca\/International\/2019-un-rayonnement-culturel-de-la-region-marrakech-safi\/","title":{"rendered":"2019, un rayonnement culturel de la r\u00e9gion Marrakech-Safi"},"content":{"rendered":"<p>Cette dynamique culturelle qui a touch\u00e9 tous les aspects culturels et artistiques (cin\u00e9ma, th\u00e9\u00e2tre, musique, arts plastiques, livre, po\u00e9sie, folklore entre autres), a contribu\u00e9 \u00e0 faire de cette r\u00e9gion du Maroc, un c\u0153ur battant de la culture et du dialogue multiculturel entre les civilisations.<\/p>\n<p>Ce rayonnement culturel a incit\u00e9 Cit\u00e9s et Gouvernement Locaux Unis d\u2019Afrique (CGLU) \u00e0 d\u00e9signer Marrakech \u00ab\u00a0Capitale Africaine de la culture 2020\u00a0\u00bb.<\/p>\n<p>Ainsi en 2020, cette ville mill\u00e9naire inscrite doublement au patrimoine universel, d\u2019abord \u00e0 travers sa m\u00e9dina depuis 1985 mais aussi la place Jamaa Lafna en tant que patrimoine immat\u00e9riel en 2001, portera les couleurs de la culture africaine.<\/p>\n<p>Les Capitales Africaines de la Culture qui seront lanc\u00e9es pour la premi\u00e8re fois, constituent une initiative f\u00e9d\u00e9rant et valorisant les expertises, les savoir-faire et les comp\u00e9tences sur le continent et dans la diaspora qui font l\u2019Afrique d\u2019aujourd\u2019hui et pensent le monde de demain.<\/p>\n<p>Le fait culturel marquant \u00e0 Marrakech durant l\u2019ann\u00e9e qui s\u2019ach\u00e8ve, reste sans aucun doute l\u2019organisation de la 18\u00e8me \u00e9dition du Festival International du Film de Marrakech (FIFM), qui a permis \u00e0 un tr\u00e8s large public d\u2019aller \u00e0 la rencontre de diff\u00e9rentes expressions cin\u00e9matographiques issues des cinq continents, confirmant ainsi la popularit\u00e9 et la pertinence de ce rendez-vous artistique majeur.<\/p>\n<p>L\u2019engouement du grand public pour les diff\u00e9rentes sections du Festival n\u2019a d\u2019ailleurs pas faibli durant les neuf jours de l\u2019\u00e9v\u00e9nement et ce, d\u00e8s les premi\u00e8res projections du matin. Cin\u00e9philes, \u00e9tudiants, touristes et grand public sont all\u00e9s \u00e0 la rencontre d\u2019\u0153uvres originales du monde entier.<\/p>\n<p>Cette 18\u00e8me \u00e9dition a \u00e9t\u00e9 notamment marqu\u00e9e par l\u2019hommage rendu \u00e0 quatre grands noms du cin\u00e9ma marocain et international.<\/p>\n<p>Le public ne pourra jamais oublier l\u2019\u00e9motion de l\u2019acteur, r\u00e9alisateur et producteur am\u00e9ricain Robert Redford qui a re\u00e7u l\u2019Etoile d\u2019Or du Festival des mains de l\u2019actrice Chiara Mastroianni et de la r\u00e9alisatrice Rebecca Zlotowski, devant une salle archi-comble, qui a longuement applaudi, debout, ce grand artiste.<\/p>\n<p>Le cin\u00e9aste fran\u00e7ais Bertrand Tavernier a affirm\u00e9, lors de sa c\u00e9r\u00e9monie d\u2019hommage, que \u00ab\u00a0le Festival de Marrakech permet d\u2019ouvrir des fen\u00eatres sur le monde et de transgresser les fronti\u00e8res\u00a0\u00bb.<\/p>\n<p>La star indienne Priyanka Chopra Jonas a, pour sa part, eu droit \u00e0 un hommage populaire sur la place Jema\u00e2 El Fna, au milieu de ses fans venus par milliers l\u2019acclamer durant une soir\u00e9e rest\u00e9e m\u00e9morable.<\/p>\n<p>Autre moment fort de cette \u00e9dition, le vibrant hommage rendu \u00e0 l\u2019ic\u00f4ne marocaine Mouna Fettou.<\/p>\n<p>Le Festival a rendu hommage au cin\u00e9ma australien, consid\u00e9r\u00e9 comme l\u2019un des plus anciens au monde mais \u00e9galement l\u2019un des plus prolifiques aussi bien en termes de talents que de grands films internationaux.<\/p>\n<p>Comme \u00e0 son habitude, le Festival International du Film de Marrakech a r\u00e9serv\u00e9 une place de choix aux professionnels et au cin\u00e9ma marocain. Les cinq films programm\u00e9s dans le cadre de la section \u00ab\u00a0Panorama du cin\u00e9ma marocain\u00a0\u00bb ont fait salle comble, au m\u00eame titre que les longs m\u00e9trages programm\u00e9s dans le cadre des autres sections du Festival. Un public enthousiaste, avide d\u2019images et d\u2019histoires locales qui a longuement applaudi les productions nationales projet\u00e9es, dont certaines en premi\u00e8re mondiale.<\/p>\n<p>La 18\u00e8me \u00e9dition du Festival International du Film de Marrakech aura ainsi tenu toutes ses promesses, confirmant le positionnement du FIFM comme un rendez-vous cin\u00e9matographique et culturel majeur au Maroc et dans la r\u00e9gion.<\/p>\n<p>Le Festival national des Arts populaires (FNAP), organis\u00e9 \u00e0 la cit\u00e9 ocre du 02 au 06 juillet dernier, traduit la diversit\u00e9 de cet important patrimoine culturel immat\u00e9riel qui fait la fiert\u00e9 des Marocains.<\/p>\n<p>Consid\u00e9r\u00e9e comme l\u2019un des plus importants et les plus anciens festivals qui traduisent la diversit\u00e9 culturelle caract\u00e9risant le Royaume et d\u00e9clar\u00e9e par l\u2019UNESCO comme chef d\u2019\u0153uvre du Patrimoine culturel immat\u00e9riel de l\u2019Humanit\u00e9 (depuis le 04 juillet 2005), cette manifestation culturelle vient confirmer l\u2019attachement des Marocains \u00e0 leur patrimoine, leur histoire et leur culture et racines.<\/p>\n<p>Cette 50\u00e8 \u00e9dition du festival a battu tous les records avec plus de 300.000 spectateurs pour les cinq sites des spectacles, plus de 760 artistes et plus de 60 troupes participantes.<\/p>\n<p>La 9e \u00e9dition du Marrakech du Rire, qui s\u2019est tenue du 12 au 16 juin dernier, a r\u00e9uni plus de 80.000 festivaliers, 8 millions d\u2019abonn\u00e9s sur les r\u00e9seaux sociaux et 70 millions de t\u00e9l\u00e9spectateurs.<\/p>\n<p>Cette \u00e9dition a marqu\u00e9e par l\u2019organisation d\u2019un Gala Afrika. L\u2019humoriste d\u2019origine ivoirienne Amoutati \u00e9tait entour\u00e9 de nombreux artistes africains pour rendre un hommage tout en humour \u00e0 l\u2019Afrique subsaharienne avec un spectacle m\u00ealant chant et danse.<\/p>\n<p>Le public avait rendez-vous aussi avec la troupe Humouraji, Malek Bentalha, Marion Mezadorian, Jalil Tijani, Booder et la troupe du Jamel Comedy Club.<\/p>\n<p>Le Festival de la po\u00e9sie marocaine, qui a souffl\u00e9 cette ann\u00e9e sa deuxi\u00e8me bougie, a c\u00e9l\u00e9br\u00e9 la cr\u00e9ation marocaine et la diversit\u00e9 de ses affluents, de m\u00eame qu\u2019il a contribu\u00e9 \u00e0 renforcer les canaux de dialogue interactif entre les po\u00e8tes, les artistes et les cr\u00e9ateurs qui se r\u00e9unissent pour f\u00eater ensemble les valeurs d\u2019amour, de paix et de fraternit\u00e9.<\/p>\n<p>L\u2019organisation de ce festival \u00e0 Marrakech vient confirmer la position civilisationnelle et culturelle de cette cit\u00e9 connue pour son riche patrimoine mat\u00e9riel et immat\u00e9riel, qui lui ont conf\u00e9r\u00e9 une place \u00e9minente en tant que lieu de rencontres et d\u2019interaction entre les diff\u00e9rentes cultures et civilisations.<\/p>\n<p>La 1\u00e8re \u00e9dition du Festival international cin\u00e9ma et litt\u00e9rature de Safi (FICLS), organis\u00e9e du 25 au 31 octobre dernier, est une manifestation artistique de nature \u00e0 favoriser un dialogue multiculturel sur la base de regards crois\u00e9s sur le cin\u00e9ma et la litt\u00e9rature.<\/p>\n<p>Cette manifestation vise aussi \u00e0 revivifier la dynamique cin\u00e9matographie qui caract\u00e9risait la cit\u00e9 de l\u2019Atlantique, une ville qui compte l\u2019un des plus anciens clubs de cin\u00e9ma au Maroc, et \u00e0 offrir aux habitants de la r\u00e9gion et ses visiteurs, une r\u00e9elle occasion d\u2019enrichir leurs connaissances dans les domaines du cin\u00e9ma et la litt\u00e9rature.<\/p>\n<p>Les films de la comp\u00e9tition officielle \u00e9taient issus du Maroc, la France, le Canada Qu\u00e9bec, la Turquie, la Tunisie, l\u2019Egypte, le Cameroun, l\u2019Espagne, le Canada et la Russie.<\/p>\n<p>Le festival qui a investi diff\u00e9rents espaces de Safi (Cit\u00e9 des Arts, Cin\u00e9ma Atlantide, des centres culturels, des maisons de jeunes, des internats d\u2019\u00e9tablissements scolaires), comportait \u00e9galement des projections en plein air sur la Place Moulay Youssef.<\/p>\n<p>Au programme de cette manifestation figurent aussi des hommages rendus \u00e0 des personnalit\u00e9s du monde du cin\u00e9ma et de la litt\u00e9rature, dont le producteur et r\u00e9alisateur camerounais Daniel Kamwa, la r\u00e9alisatrice et sc\u00e9nariste Farida Benlyazid, la chanteuse de l\u2019aita Aida, l\u2019\u00e9ditrice Layla Chaouni, le sc\u00e9nariste Ali Smai, l\u2019avocat et cin\u00e9phile Abdellah El Ouezzani, en plus d\u2019un hommage posthume \u00e0 Michel Galabru, com\u00e9dien fran\u00e7ais n\u00e9 \u00e0 Safi en pr\u00e9sence de sa fille Emmanuelle Galabru.<\/p>\n<p>Les \u0153uvres cin\u00e9matographiques qui ont \u00e9t\u00e9 projet\u00e9es, ont \u00e9t\u00e9 adapt\u00e9es au cin\u00e9ma d\u2019\u0153uvres litt\u00e9raires d\u2019\u00e9crivains c\u00e9l\u00e8bres tels que Fouad Laroui, Mahi Binebine, Jean Genet, Marcel Dub\u00e9, Roman Gary, Marguerite Duras, F. Garcia Lorca, L\u00e9on Tolsto\u00ef entre autres.<\/p>\n<p>La saison culturelle sera cl\u00f4tur\u00e9e de la belle mani\u00e8re le 29 d\u00e9cembre avec la 3\u00e8me \u00e9dition de \u00ab\u00a0Stars in The Place\u00a0\u00bb, un rendez-vous artistique annuel devenu d\u00e9sormais incontournable de la sc\u00e8ne culturelle de la cit\u00e9 ocre.<\/p>\n<p>Cette ann\u00e9e, cet \u00e9v\u00e9nement artistique c\u00e9l\u00e8bre la citoyennet\u00e9 \u00e0 travers un concert qui r\u00e9unira des artistes d\u2019exception.<\/p>\n<p>Ainsi, Ma\u00eetre Gims sera entour\u00e9 de Dadju, Lartiste, Aminux, L7or et Mohamed Ramadan pour offrir au grand public une soir\u00e9e haute en couleurs et riche en \u00e9motions.<\/p>\n<p>Concert annuel 100% gratuit, \u00ab\u00a0Stars in The Place\u00a0\u00bb est un concept port\u00e9 par Ma\u00eetre Gims, qui invite ses amis artistes pour partager leur passion pour le Maroc et pour Marrakech.<\/p>\n<p>Embellissant l\u2019agenda artistique de la cit\u00e9 ocre, \u00ab\u00a0Stars in The Place\u00a0\u00bb offre, cette ann\u00e9e, une affiche exceptionnelle et une programmation qui traduit la volont\u00e9 de l\u2019\u00e9v\u00e9nement \u00e0 v\u00e9hiculer l\u2019esprit de partage, de fraternit\u00e9 et de tol\u00e9rance entre les peuples et les g\u00e9n\u00e9rations.<\/p>\n<p>La place Jemaa El Fna sera illumin\u00e9e \u00e0 cette occasion, de mille et une couleurs, avec une mise en lumi\u00e8re de plusieurs sites historiques de la place et une fin de show tout en apoth\u00e9ose.<\/p>\n<p>Destination touristique mondialement connue, Marrakech dispose d\u2019une importante infrastructure h\u00f4teli\u00e8re, touristique, \u00e9v\u00e9nementielle, sportive et culturelle tr\u00e8s dense comme en t\u00e9moigne le tissu des mus\u00e9es, des centres d\u2019art traditionnels et contemporains.<\/p>\n<p>L\u2019infrastructure culturelle de la cit\u00e9 ocre s\u2019est enrichie cette ann\u00e9e avec l\u2019ouverture de deux grands mus\u00e9es. Le Mus\u00e9e de l\u2019Art Culinaire Marocain, inaugur\u00e9 en octobre dernier, a pour vocation de faire conna\u00eetre, pr\u00e9server et transmettre une cuisine \u00e0 la fois vivante et ancestrale.<\/p>\n<p>Un mus\u00e9e priv\u00e9 de la musique a aussi vu le jour \u00e0 la cit\u00e9 ocre. Situ\u00e9e au c\u0153ur de la m\u00e9dina de Marrakech, dans le mus\u00e9e Mouassine, cette structure culturelle vient mettre en avant le multiculturalisme musical qui caract\u00e9rise le Royaume, dont la culture artistique s\u2019est nourrie \u00e0 travers son histoire de multiples traditions musicales.<\/p>\n<p>Ce mus\u00e9e de la musique souhaite devenir un des porte-voix de la diversit\u00e9 musicale et de la cr\u00e9ation au Maroc.<\/p>\n<p>Le mus\u00e9e a aussi pour vocation la constitution d\u2019une banque d\u2019informations sur la musique au Maroc.<\/p>\n<p>V\u00e9ritable exp\u00e9rience musicale et visuelle, le mus\u00e9e de la musique pr\u00e9sente des instruments, des photographies et des vid\u00e9os. Le parcours d\u00e9ploie pour le visiteur des cl\u00e9s d\u2019acc\u00e8s \u00e0 la compr\u00e9hension de la musique marocaine.<\/p>\n<p>La r\u00e9gion connait aussi une dynamique sans pr\u00e9c\u00e9dent de restauration, r\u00e9habilitation et pr\u00e9servation du patrimoine mat\u00e9riel et immat\u00e9riel, a indiqu\u00e9 \u00e0 la MAP, le directeur r\u00e9gional de la culture \u00e0 Marrakech, Aziz Boujamid.<\/p>\n<p>Il s\u2019agit notamment du projet de restauration du Palais Badii (8,5 MDH), l\u2019am\u00e9nagement du site historique de la Koutoubia achev\u00e9 cette ann\u00e9e (1,5 MDH), l\u2019am\u00e9nagement et restauration de la Koubba Almoravide (1 MDH) ainsi que les remparts entourant le Palais Bahia.<\/p>\n<p>Au niveau de Safi, la Direction r\u00e9gionale de la culture a programm\u00e9 pour l\u2019ann\u00e9e prochaine un projet de restauration de Dar Soltane (Ksar Sultan) alors qu\u2019au niveau du site arch\u00e9ologique Ighoud (province de Youssoufia), le minist\u00e8re compte r\u00e9aliser un centre d\u2019\u00e9tudes pr\u00e9historiques.<\/p>\n<p>Et de pr\u00e9ciser que le souci de la Direction consiste \u00e0 faire b\u00e9n\u00e9ficier les autres provinces et les villes \u00e9mergentes de la dynamique culturelle au m\u00eame titre qu\u2019Essaouira, Marrakech, Safi et Al Haouz et ce \u00e0 travers la r\u00e9alisation de centres culturels aux normes internationales.<\/p>\n<p>Le pr\u00e9sident du Centre international de la culture, Arts et du d\u00e9veloppement (CICAD), Abdelkrim El Mnaoui, a not\u00e9 de son c\u00f4t\u00e9, que Marrakech est dot\u00e9e de toutes les potentialit\u00e9s culturelles \u00e0 m\u00eame de lui permettre de contribuer \u00e0 l\u2019\u00e9mergence d\u2019un v\u00e9ritable tourisme culturel.<\/p>\n<p>Cependant, les r\u00e9alisations ne doivent pas occulter certaines probl\u00e9matiques relatives \u00e0 l\u2019am\u00e9lioration des conditions de vie des artistes locaux, qui sont les v\u00e9ritables moteurs de cette dynamique, a-t-il ajout\u00e9, appelant \u00e0 appuyer les moussems qui contribuent grandement \u00e0 la pr\u00e9servation du patrimoine culturel populaire.<\/p>\n<p>Auteur: Meriem IGASS<br \/>\n<a href=\"http:\/\/www.mapmarrakech.ma\/fr\/culturel\/\">Cliquez ici pour lire l&rsquo;article depuis sa source.<\/a><\/p>\n","protected":false},"excerpt":{"rendered":"<p>Cette dynamique culturelle qui a touch\u00e9 tous les aspects culturels et artistiques (cin\u00e9ma, th\u00e9\u00e2tre, musique, arts plastiques, livre, po\u00e9sie, folklore entre autres), a contribu\u00e9 \u00e0 faire de cette r\u00e9gion du Maroc, un c\u0153ur battant de la culture et du dialogue multiculturel entre les civilisations. Ce rayonnement culturel a incit\u00e9 Cit\u00e9s et Gouvernement Locaux Unis d\u2019Afrique [&hellip;]<\/p>\n","protected":false},"author":1788,"featured_media":0,"comment_status":"closed","ping_status":"closed","sticky":false,"template":"","format":"standard","meta":{"fifu_image_url":"","fifu_image_alt":"","footnotes":""},"categories":[54,76],"tags":[],"class_list":["post-70860","post","type-post","status-publish","format-standard","hentry","category-maroc","category-regions"],"_links":{"self":[{"href":"https:\/\/linitiative.ca\/International\/wp-json\/wp\/v2\/posts\/70860","targetHints":{"allow":["GET"]}}],"collection":[{"href":"https:\/\/linitiative.ca\/International\/wp-json\/wp\/v2\/posts"}],"about":[{"href":"https:\/\/linitiative.ca\/International\/wp-json\/wp\/v2\/types\/post"}],"author":[{"embeddable":true,"href":"https:\/\/linitiative.ca\/International\/wp-json\/wp\/v2\/users\/1788"}],"replies":[{"embeddable":true,"href":"https:\/\/linitiative.ca\/International\/wp-json\/wp\/v2\/comments?post=70860"}],"version-history":[{"count":0,"href":"https:\/\/linitiative.ca\/International\/wp-json\/wp\/v2\/posts\/70860\/revisions"}],"wp:attachment":[{"href":"https:\/\/linitiative.ca\/International\/wp-json\/wp\/v2\/media?parent=70860"}],"wp:term":[{"taxonomy":"category","embeddable":true,"href":"https:\/\/linitiative.ca\/International\/wp-json\/wp\/v2\/categories?post=70860"},{"taxonomy":"post_tag","embeddable":true,"href":"https:\/\/linitiative.ca\/International\/wp-json\/wp\/v2\/tags?post=70860"}],"curies":[{"name":"wp","href":"https:\/\/api.w.org\/{rel}","templated":true}]}}