{"id":70863,"date":"2019-12-21T09:24:07","date_gmt":"2019-12-21T14:24:07","guid":{"rendered":"https:\/\/linitiative.ca\/International\/jijel-69-400-t-de-ciment-gris-a-expedier-du-port-de-djen-djen-vers-des-pays-dafrique-occidentale\/"},"modified":"2019-12-21T09:24:07","modified_gmt":"2019-12-21T14:24:07","slug":"jijel-69-400-t-de-ciment-gris-a-expedier-du-port-de-djen-djen-vers-des-pays-dafrique-occidentale","status":"publish","type":"post","link":"https:\/\/linitiative.ca\/International\/jijel-69-400-t-de-ciment-gris-a-expedier-du-port-de-djen-djen-vers-des-pays-dafrique-occidentale\/","title":{"rendered":"Jijel : 69.400 T de ciment gris \u00e0 exp\u00e9dier du port de Djen-djen vers des pays d\u2019Afrique occidentale"},"content":{"rendered":"<p><span class=\"sp-nh-title\">MILA: r\u00e9ception de 83 000 doses de vaccins des bovins contre la rage et la fi\u00e8vre aphteuse<\/span> &#8211; <span class=\"sp-nh-date\">samedi 21 d\u00e9cembre 2019 20:01<\/span><\/p>\n<p><span class=\"sp-nh-title\">Une plasticienne et un photographe croisent leur arts dans une exposition commune \u00e0 Alger\u00a0<\/span> &#8211; <span class=\"sp-nh-date\">samedi 21 d\u00e9cembre 2019 19:52<\/span><\/p>\n<p><span class=\"sp-nh-title\">15e Congr\u00e8s du Polisario: Pretoria, Luanda et Harare appellent \u00e0 la d\u00e9colonisation du Sahara occidental<\/span> &#8211; <span class=\"sp-nh-date\">samedi 21 d\u00e9cembre 2019 19:00<\/span><\/p>\n<p><span class=\"sp-nh-title\">Le mouvement de solidarit\u00e9 espagnol soutient le peuple sahraoui jusqu&rsquo;\u00e0 l&rsquo;accession \u00e0 l&rsquo;ind\u00e9pendance<\/span> &#8211; <span class=\"sp-nh-date\">samedi 21 d\u00e9cembre 2019 18:56<\/span><\/p>\n<p><span class=\"sp-nh-title\">D\u00e9fense des droits de l&rsquo;Homme: l&rsquo;adh\u00e9sion des jeunes acc\u00e9l\u00e9rera l&rsquo;\u00e9dification de l&rsquo;Etat de droit<\/span> &#8211; <span class=\"sp-nh-date\">samedi 21 d\u00e9cembre 2019 18:40<\/span><\/p>\n<p><span class=\"sp-nh-title\">Sucre: Baisse notable des prix sur les march\u00e9s de d\u00e9tail et de gros<\/span> &#8211; <span class=\"sp-nh-date\">samedi 21 d\u00e9cembre 2019 18:25<\/span><\/p>\n<p><span class=\"sp-nh-title\">Promotion du produit alg\u00e9rien: pr\u00e8s de 60 producteurs et exportateurs en formation sur l\u2019emballage et l\u2019\u00e9tiquetage<\/span> &#8211; <span class=\"sp-nh-date\">samedi 21 d\u00e9cembre 2019 18:15<\/span><\/p>\n<p><span class=\"sp-nh-title\">15e Congr\u00e8s du Polisario: le Nicaragua r\u00e9affirme son soutien \u00e0 la lutte l\u00e9gitime du peuple sahraoui<\/span> &#8211; <span class=\"sp-nh-date\">samedi 21 d\u00e9cembre 2019 18:10<\/span><\/p>\n<p><span class=\"sp-nh-title\">Le respect des droits de l&rsquo;Homme, un principe de base de la politique interne et des relations internationales de l&rsquo;Alg\u00e9rie<\/span> &#8211; <span class=\"sp-nh-date\">samedi 21 d\u00e9cembre 2019 18:02<\/span><\/p>\n<p><span class=\"sp-nh-title\">Congr\u00e8s du Polisario: la tenue du r\u00e9f\u00e9rendum d&rsquo;autod\u00e9termination garant de la paix dans la r\u00e9gion<\/span> &#8211; <span class=\"sp-nh-date\">samedi 21 d\u00e9cembre 2019 17:54<\/span><\/p>\n<p><span class=\"sp-nh-title\">D\u00e9rapage d&rsquo;un bus \u00e0 Tizi Ouzou: toutes les autorit\u00e9s mobilis\u00e9es pour la prise en charge des victimes<\/span> &#8211; <span class=\"sp-nh-date\">samedi 21 d\u00e9cembre 2019 17:50<\/span><\/p>\n<p><span class=\"sp-nh-title\">Tipasa: des moyens consid\u00e9rables pour l\u2019extinction de l\u2019incendie de la for\u00eat des monts de Gouraya<\/span> &#8211; <span class=\"sp-nh-date\">samedi 21 d\u00e9cembre 2019 17:11<\/span><\/p>\n<p><span class=\"sp-nh-title\">Ouargla : Une dizaine de troupes artistiques aux journ\u00e9es hivernales du th\u00e9\u00e2tre pour enfant<\/span> &#8211; <span class=\"sp-nh-date\">samedi 21 d\u00e9cembre 2019 17:03<\/span><\/p>\n<p><span class=\"sp-nh-title\">Handball\/CAN-2020: l&rsquo;Alg\u00e9rie battue par l&rsquo;\u00e9quipe B de Pologne<\/span> &#8211; <span class=\"sp-nh-date\">samedi 21 d\u00e9cembre 2019 16:53<\/span><\/p>\n<p><span class=\"sp-nh-title\">Fouad Benghnissa pl\u00e9biscit\u00e9 pr\u00e9sident du parti Tayar Essalem<\/span> &#8211; <span class=\"sp-nh-date\">samedi 21 d\u00e9cembre 2019 16:45<\/span><\/p>\n<p><span class=\"sp-nh-title\">Tlemcen: coup d\u2019envoi de la deuxi\u00e8me \u00e9dition de la rencontre po\u00e9tique nationale<\/span> &#8211; <span class=\"sp-nh-date\">samedi 21 d\u00e9cembre 2019 15:49<\/span><\/p>\n<p><span class=\"sp-nh-title\">Jijel : 69.400 T de ciment gris \u00e0 exp\u00e9dier du port de Djen-djen vers des pays d\u2019Afrique occidentale<\/span> &#8211; <span class=\"sp-nh-date\">samedi 21 d\u00e9cembre 2019 15:24<\/span><\/p>\n<p><span class=\"sp-nh-title\">Noureddine Ayadi nomm\u00e9 directeur de Cabinet de la Pr\u00e9sidence de la R\u00e9publique<\/span> &#8211; <span class=\"sp-nh-date\">samedi 21 d\u00e9cembre 2019 14:39<\/span><\/p>\n<p><span class=\"sp-nh-title\">Palestine-d\u00e9cision de la CPI: la ligue arabe salue une \u00e9tape importante<\/span> &#8211; <span class=\"sp-nh-date\">samedi 21 d\u00e9cembre 2019 14:04<\/span><\/p>\n<p><span class=\"sp-nh-title\">Destruction d&rsquo;une casemate pour terroristes \u00e0 Skikda<\/span> &#8211; <span class=\"sp-nh-date\">samedi 21 d\u00e9cembre 2019 13:58<\/span><\/p>\n<p>Auteur:<br \/>\n<a href=\"http:\/\/www.aps.dz\/regions\/99222-jijel-69-400-t-de-ciment-gris-a-expedier-du-port-de-djen-djen-vers-des-pays-d-afrique-occidentale\">Cliquez ici pour lire l&rsquo;article depuis sa source.<\/a><\/p>\n","protected":false},"excerpt":{"rendered":"<p>MILA: r\u00e9ception de 83 000 doses de vaccins des bovins contre la rage et la fi\u00e8vre aphteuse &#8211; samedi 21 d\u00e9cembre 2019 20:01 Une plasticienne et un photographe croisent leur arts dans une exposition commune \u00e0 Alger\u00a0 &#8211; samedi 21 d\u00e9cembre 2019 19:52 15e Congr\u00e8s du Polisario: Pretoria, Luanda et Harare appellent \u00e0 la d\u00e9colonisation [&hellip;]<\/p>\n","protected":false},"author":1790,"featured_media":0,"comment_status":"closed","ping_status":"closed","sticky":false,"template":"","format":"standard","meta":{"fifu_image_url":"","fifu_image_alt":"","footnotes":""},"categories":[53,76],"tags":[],"class_list":["post-70863","post","type-post","status-publish","format-standard","hentry","category-algerie","category-regions"],"_links":{"self":[{"href":"https:\/\/linitiative.ca\/International\/wp-json\/wp\/v2\/posts\/70863","targetHints":{"allow":["GET"]}}],"collection":[{"href":"https:\/\/linitiative.ca\/International\/wp-json\/wp\/v2\/posts"}],"about":[{"href":"https:\/\/linitiative.ca\/International\/wp-json\/wp\/v2\/types\/post"}],"author":[{"embeddable":true,"href":"https:\/\/linitiative.ca\/International\/wp-json\/wp\/v2\/users\/1790"}],"replies":[{"embeddable":true,"href":"https:\/\/linitiative.ca\/International\/wp-json\/wp\/v2\/comments?post=70863"}],"version-history":[{"count":0,"href":"https:\/\/linitiative.ca\/International\/wp-json\/wp\/v2\/posts\/70863\/revisions"}],"wp:attachment":[{"href":"https:\/\/linitiative.ca\/International\/wp-json\/wp\/v2\/media?parent=70863"}],"wp:term":[{"taxonomy":"category","embeddable":true,"href":"https:\/\/linitiative.ca\/International\/wp-json\/wp\/v2\/categories?post=70863"},{"taxonomy":"post_tag","embeddable":true,"href":"https:\/\/linitiative.ca\/International\/wp-json\/wp\/v2\/tags?post=70863"}],"curies":[{"name":"wp","href":"https:\/\/api.w.org\/{rel}","templated":true}]}}