{"id":70864,"date":"2019-12-21T11:11:04","date_gmt":"2019-12-21T16:11:04","guid":{"rendered":"https:\/\/linitiative.ca\/International\/tipasa-des-moyens-considerables-pour-lextinction-de-lincendie-de-la-foret-des-monts-de-gouraya\/"},"modified":"2019-12-21T11:11:04","modified_gmt":"2019-12-21T16:11:04","slug":"tipasa-des-moyens-considerables-pour-lextinction-de-lincendie-de-la-foret-des-monts-de-gouraya","status":"publish","type":"post","link":"https:\/\/linitiative.ca\/International\/tipasa-des-moyens-considerables-pour-lextinction-de-lincendie-de-la-foret-des-monts-de-gouraya\/","title":{"rendered":"Tipasa: des moyens consid\u00e9rables pour l\u2019extinction de l\u2019incendie de la for\u00eat des monts de Gouraya"},"content":{"rendered":"<div readability=\"40\">\n<p><strong>TIPASA- Des moyens consid\u00e9rables ont \u00e9t\u00e9 mobilis\u00e9s par les services de la protection civile de Tipasa, en vue de l\u2019extinction de l\u2019incendie, qui s\u2019est d\u00e9clar\u00e9 samedi \u00e0 l\u2019aube, sur les monts de la ville de\u00a0Gouraya, \u00e0 l\u2019extr\u00eame -ouest de la wilaya, a-t-on appris aupr\u00e8s de la direction locale de ce corps constitu\u00e9.<\/strong><\/p>\n<\/div>\n<div readability=\"90\">\n<p>\u00ab\u00a0Tout a \u00e9t\u00e9 mis en \u0153uvre en vue de venir \u00e0 bout des flammes, d\u00e9clar\u00e9es aux environs de 6h00 \u00e0 l\u2019aube, au niveau des for\u00eats des monts de Gouraya , \u00e0 70 km \u00e0 l\u2019ouest de Tipasa\u00a0\u00bb, a indiqu\u00e9 \u00e0 l\u2019APS, le charg\u00e9 de la communication aupr\u00e8s de la direction de la protection civile, le lieutenant Rabah Bendouha, soulignant la \u00ab\u00a0poursuite, jusqu\u2019\u00e0 cette heure des op\u00e9rations, au vu de la difficult\u00e9 des acc\u00e8s \u00e0 cette r\u00e9gion montagneuse\u00a0\u00bb.<\/p>\n<p>Au total, 14 camions anti-incendie et 70 pompiers sont mobilis\u00e9s au titre de cette op\u00e9ration, dont l\u2019encadrement est assur\u00e9 par le directeur de la protection civile de la wilaya. Ils sont soutenus, sur le terrain, par des unit\u00e9s de la protection civile de Blida, Ain Defla, Chlef, et Alger, a ajout\u00e9 M. Bendouha.<\/p>\n<p>Signalant, en outre, qu\u2019une priorit\u00e9 a \u00e9t\u00e9 accord\u00e9e dans cette op\u00e9ration \u00e0 la protection des \u00a0\u00bb populations de trois Douars environnants\u00a0\u00bb eu \u00e9gard, a-t-il dit \u00ab\u00a0aux conditions climatiques ambiantes, caract\u00e9ris\u00e9es par des vents forts propices \u00e0 la propagation des flammes\u00a0\u00bb, est-il pr\u00e9cis\u00e9.<\/p>\n<p>Toujours selon le lieutenant Rabah Bendouha, il s\u2019agit, en l\u2019occurrence, des villages \u00ab\u00a0El Bernous\u00a0\u00bb, \u00ab\u00a0Mehaba\u00a0\u00bb, et \u00ab\u00a0Irouani\u00a0\u00bb, cern\u00e9s par des for\u00eats denses et aux acc\u00e8s difficiles, sur une trentaine de km, \u00e0 la ronde.<\/p>\n<p>\u00ab\u00a0Aucune perte en vies humaines n\u2019a \u00e9t\u00e9 signal\u00e9e, jusqu&rsquo;\u00e0 l\u2019heure\u00a0\u00bb, a-t-il, en outre soulign\u00e9, au moment ou les causes de cet incendie n\u2019ont pas encore \u00e9t\u00e9 identifi\u00e9es, a, encore, fait savoir M. Bendouha.<\/p>\n<\/div>\n<p>Auteur:<br \/>\n<a href=\"http:\/\/www.aps.dz\/regions\/99228-tipasa-des-moyens-considerables-pour-l-extinction-de-l-incendie-de-la-foret-des-monts-de-gouraya\">Cliquez ici pour lire l&rsquo;article depuis sa source.<\/a><\/p>\n","protected":false},"excerpt":{"rendered":"<p>TIPASA- Des moyens consid\u00e9rables ont \u00e9t\u00e9 mobilis\u00e9s par les services de la protection civile de Tipasa, en vue de l\u2019extinction de l\u2019incendie, qui s\u2019est d\u00e9clar\u00e9 samedi \u00e0 l\u2019aube, sur les monts de la ville de\u00a0Gouraya, \u00e0 l\u2019extr\u00eame -ouest de la wilaya, a-t-on appris aupr\u00e8s de la direction locale de ce corps constitu\u00e9. \u00ab\u00a0Tout a \u00e9t\u00e9 [&hellip;]<\/p>\n","protected":false},"author":1790,"featured_media":0,"comment_status":"closed","ping_status":"closed","sticky":false,"template":"","format":"standard","meta":{"fifu_image_url":"","fifu_image_alt":"","footnotes":""},"categories":[53,76],"tags":[],"class_list":["post-70864","post","type-post","status-publish","format-standard","hentry","category-algerie","category-regions"],"_links":{"self":[{"href":"https:\/\/linitiative.ca\/International\/wp-json\/wp\/v2\/posts\/70864","targetHints":{"allow":["GET"]}}],"collection":[{"href":"https:\/\/linitiative.ca\/International\/wp-json\/wp\/v2\/posts"}],"about":[{"href":"https:\/\/linitiative.ca\/International\/wp-json\/wp\/v2\/types\/post"}],"author":[{"embeddable":true,"href":"https:\/\/linitiative.ca\/International\/wp-json\/wp\/v2\/users\/1790"}],"replies":[{"embeddable":true,"href":"https:\/\/linitiative.ca\/International\/wp-json\/wp\/v2\/comments?post=70864"}],"version-history":[{"count":0,"href":"https:\/\/linitiative.ca\/International\/wp-json\/wp\/v2\/posts\/70864\/revisions"}],"wp:attachment":[{"href":"https:\/\/linitiative.ca\/International\/wp-json\/wp\/v2\/media?parent=70864"}],"wp:term":[{"taxonomy":"category","embeddable":true,"href":"https:\/\/linitiative.ca\/International\/wp-json\/wp\/v2\/categories?post=70864"},{"taxonomy":"post_tag","embeddable":true,"href":"https:\/\/linitiative.ca\/International\/wp-json\/wp\/v2\/tags?post=70864"}],"curies":[{"name":"wp","href":"https:\/\/api.w.org\/{rel}","templated":true}]}}