{"id":70867,"date":"2019-12-21T10:35:08","date_gmt":"2019-12-21T15:35:08","guid":{"rendered":"https:\/\/linitiative.ca\/International\/trafic-international-de-drogue-5-arrestations-a-saidia\/"},"modified":"2019-12-21T10:35:08","modified_gmt":"2019-12-21T15:35:08","slug":"trafic-international-de-drogue-5-arrestations-a-saidia","status":"publish","type":"post","link":"https:\/\/linitiative.ca\/International\/trafic-international-de-drogue-5-arrestations-a-saidia\/","title":{"rendered":"Trafic international de drogue, 5 arrestations \u00e0 Sa\u00efdia"},"content":{"rendered":"<div class=\"single-featured\"><img alt=\"\" data-src=\"http:\/\/www.mapoujda.ma\/map\/uploads\/2019\/12\/Des-paquets-de-r\u00e9sine-de-cannabis-M750\u00d7430-MAP-Archive.jpg\"\/><\/div>\n<div class=\"entry-content clearfix single-post-content\" readability=\"60\">\n<p class=\"c4\">Les \u00e9l\u00e9ments de la police judiciaire de Sa\u00efdia et d\u2019Oujda ont arr\u00eat\u00e9, samedi \u00e0 l\u2019aube \u00e0 la lumi\u00e8re d\u2019informations pr\u00e9cises fournies par les services de la Direction g\u00e9n\u00e9rale de la surveillance du territoire, cinq personnes \u00e2g\u00e9es d\u2019entre 26 et 41 ans, pour liens pr\u00e9sum\u00e9s \u00e0 un r\u00e9seau international de trafic de drogue et de psychotropes.<\/p>\n<p class=\"c4\">Les mis en cause ont \u00e9t\u00e9 appr\u00e9hend\u00e9s pr\u00e8s de la plage de Sa\u00efdia \u00e0 bord de trois voitures utilitaires transportant 17 paquets de r\u00e9sine de cannabis d\u2019une quantit\u00e9 globale d\u2019environ 555 kg, ainsi que quelques 1470 litres d\u2019essence, indique un communiqu\u00e9 de la Direction g\u00e9n\u00e9rale de la s\u00fbret\u00e9 nationale (DGSN), ajoutant que les suspects avaient \u00e9galement sur eux neuf t\u00e9l\u00e9phones portables, un appareil GPS et un montant d\u2019argent qui pourrait avoir d\u00e9coul\u00e9 du trafic de drogue.<\/p>\n<p class=\"c4\">Les cinq personnes arr\u00eat\u00e9es ont \u00e9t\u00e9 plac\u00e9es en garde \u00e0 vue \u00e0 la disposition de l\u2019enqu\u00eate men\u00e9e sous la supervision du parquet comp\u00e9tent pour identifier les autres complices \u00e9ventuels, et d\u00e9terminer les liens et ramifications de ce r\u00e9seau aux niveaux national et international, ajoute la DGSN.<\/p>\n<p class=\"c4\">La saisie de cette importante quantit\u00e9 de r\u00e9sine de cannabis s\u2019inscrit dans les op\u00e9rations de s\u00e9curit\u00e9 conjointes men\u00e9es par les services de la s\u00fbret\u00e9 nationale en coordination avec la direction g\u00e9n\u00e9rale de la surveillance du territoire pour lutter contre toutes les formes de criminalit\u00e9, y compris le ph\u00e9nom\u00e8ne du trafic de drogue et de psychotropes.<\/p>\n<\/div>\n<p>Auteur: Soufiane ELAHMAR<br \/>\n<a href=\"http:\/\/www.mapoujda.ma\/fr\/trafic-international-de-drogue-5-arrestations-a-saidia\/\">Cliquez ici pour lire l&rsquo;article depuis sa source.<\/a><\/p>\n","protected":false},"excerpt":{"rendered":"<p>Les \u00e9l\u00e9ments de la police judiciaire de Sa\u00efdia et d\u2019Oujda ont arr\u00eat\u00e9, samedi \u00e0 l\u2019aube \u00e0 la lumi\u00e8re d\u2019informations pr\u00e9cises fournies par les services de la Direction g\u00e9n\u00e9rale de la surveillance du territoire, cinq personnes \u00e2g\u00e9es d\u2019entre 26 et 41 ans, pour liens pr\u00e9sum\u00e9s \u00e0 un r\u00e9seau international de trafic de drogue et de psychotropes. [&hellip;]<\/p>\n","protected":false},"author":1788,"featured_media":70868,"comment_status":"closed","ping_status":"closed","sticky":false,"template":"","format":"standard","meta":{"fifu_image_url":"","fifu_image_alt":"","footnotes":""},"categories":[54,76],"tags":[],"class_list":["post-70867","post","type-post","status-publish","format-standard","has-post-thumbnail","hentry","category-maroc","category-regions"],"_links":{"self":[{"href":"https:\/\/linitiative.ca\/International\/wp-json\/wp\/v2\/posts\/70867","targetHints":{"allow":["GET"]}}],"collection":[{"href":"https:\/\/linitiative.ca\/International\/wp-json\/wp\/v2\/posts"}],"about":[{"href":"https:\/\/linitiative.ca\/International\/wp-json\/wp\/v2\/types\/post"}],"author":[{"embeddable":true,"href":"https:\/\/linitiative.ca\/International\/wp-json\/wp\/v2\/users\/1788"}],"replies":[{"embeddable":true,"href":"https:\/\/linitiative.ca\/International\/wp-json\/wp\/v2\/comments?post=70867"}],"version-history":[{"count":0,"href":"https:\/\/linitiative.ca\/International\/wp-json\/wp\/v2\/posts\/70867\/revisions"}],"wp:featuredmedia":[{"embeddable":true,"href":"https:\/\/linitiative.ca\/International\/wp-json\/"}],"wp:attachment":[{"href":"https:\/\/linitiative.ca\/International\/wp-json\/wp\/v2\/media?parent=70867"}],"wp:term":[{"taxonomy":"category","embeddable":true,"href":"https:\/\/linitiative.ca\/International\/wp-json\/wp\/v2\/categories?post=70867"},{"taxonomy":"post_tag","embeddable":true,"href":"https:\/\/linitiative.ca\/International\/wp-json\/wp\/v2\/tags?post=70867"}],"curies":[{"name":"wp","href":"https:\/\/api.w.org\/{rel}","templated":true}]}}