{"id":70869,"date":"2019-12-21T11:09:12","date_gmt":"2019-12-21T16:09:12","guid":{"rendered":"https:\/\/linitiative.ca\/International\/promouvoir-le-vivre-ensemble-et-lintegration-par-le-sport-2\/"},"modified":"2019-12-21T11:09:12","modified_gmt":"2019-12-21T16:09:12","slug":"promouvoir-le-vivre-ensemble-et-lintegration-par-le-sport-2","status":"publish","type":"post","link":"https:\/\/linitiative.ca\/International\/promouvoir-le-vivre-ensemble-et-lintegration-par-le-sport-2\/","title":{"rendered":"Promouvoir le vivre ensemble et l\u2019int\u00e9gration par le sport"},"content":{"rendered":"<p><iframe loading=\"lazy\" width=\"1170\" height=\"658\" src=\"https:\/\/www.youtube.com\/embed\/K-x5r47HM90?feature=oembed\" frameborder=\"0\" allow=\"accelerometer; autoplay; encrypted-media; gyroscope; picture-in-picture\" allowfullscreen=\"\">[embedded content]<\/iframe><\/p>\n<div class=\"post-header-inner\">\n<div class=\"post-header-title\">\n<p>\n\t\t\t\t<span class=\"time\"><time class=\"post-published updated\" datetime=\"2019-12-21T17:09:12+00:00\"><b><b> 21 d\u00e9cembre 2019 <\/b> <\/b><\/time><\/span>\n\t\t\t<\/p>\n<\/p><\/div>\n<\/p><\/div>\n<div class=\"single-post-excerpt post-excerpt-bc\" readability=\"36\">\n<p>Des ateliers d\u2019initiation et de sensibilisation pour la promotion du vivre ensemble et de l\u2019int\u00e9gration sociale par le sport sont organis\u00e9s, du 18 au 22 d\u00e9cembre courant, au profit des \u00e9l\u00e8ves de la ville de Nador.<\/p>\n<\/div>\n<p>Auteur: Soufiane ELAHMAR<br \/>\n<a href=\"http:\/\/www.mapoujda.ma\/fr\/promouvoir-le-vivre-ensemble-et-lintegration-par-le-sport-2\/\">Cliquez ici pour lire l&rsquo;article depuis sa source.<\/a><\/p>\n","protected":false},"excerpt":{"rendered":"<p>[embedded content] 21 d\u00e9cembre 2019 Des ateliers d\u2019initiation et de sensibilisation pour la promotion du vivre ensemble et de l\u2019int\u00e9gration sociale par le sport sont organis\u00e9s, du 18 au 22 d\u00e9cembre courant, au profit des \u00e9l\u00e8ves de la ville de Nador. Auteur: Soufiane ELAHMAR Cliquez ici pour lire l&rsquo;article depuis sa source.<\/p>\n","protected":false},"author":1788,"featured_media":0,"comment_status":"closed","ping_status":"closed","sticky":false,"template":"","format":"standard","meta":{"fifu_image_url":"","fifu_image_alt":"","footnotes":""},"categories":[54,76],"tags":[],"class_list":["post-70869","post","type-post","status-publish","format-standard","hentry","category-maroc","category-regions"],"_links":{"self":[{"href":"https:\/\/linitiative.ca\/International\/wp-json\/wp\/v2\/posts\/70869","targetHints":{"allow":["GET"]}}],"collection":[{"href":"https:\/\/linitiative.ca\/International\/wp-json\/wp\/v2\/posts"}],"about":[{"href":"https:\/\/linitiative.ca\/International\/wp-json\/wp\/v2\/types\/post"}],"author":[{"embeddable":true,"href":"https:\/\/linitiative.ca\/International\/wp-json\/wp\/v2\/users\/1788"}],"replies":[{"embeddable":true,"href":"https:\/\/linitiative.ca\/International\/wp-json\/wp\/v2\/comments?post=70869"}],"version-history":[{"count":0,"href":"https:\/\/linitiative.ca\/International\/wp-json\/wp\/v2\/posts\/70869\/revisions"}],"wp:attachment":[{"href":"https:\/\/linitiative.ca\/International\/wp-json\/wp\/v2\/media?parent=70869"}],"wp:term":[{"taxonomy":"category","embeddable":true,"href":"https:\/\/linitiative.ca\/International\/wp-json\/wp\/v2\/categories?post=70869"},{"taxonomy":"post_tag","embeddable":true,"href":"https:\/\/linitiative.ca\/International\/wp-json\/wp\/v2\/tags?post=70869"}],"curies":[{"name":"wp","href":"https:\/\/api.w.org\/{rel}","templated":true}]}}