{"id":70879,"date":"2019-12-21T15:19:14","date_gmt":"2019-12-21T20:19:14","guid":{"rendered":"https:\/\/linitiative.ca\/International\/referendum-dautodetermination-au-sahara-occidental-seul-garant-de-la-paix-et-de-la-securite-dans-la-region\/"},"modified":"2019-12-21T15:19:14","modified_gmt":"2019-12-21T20:19:14","slug":"referendum-dautodetermination-au-sahara-occidental-seul-garant-de-la-paix-et-de-la-securite-dans-la-region","status":"publish","type":"post","link":"https:\/\/linitiative.ca\/International\/referendum-dautodetermination-au-sahara-occidental-seul-garant-de-la-paix-et-de-la-securite-dans-la-region\/","title":{"rendered":"R\u00e9f\u00e9rendum d\u2019autod\u00e9termination au Sahara Occidental  : Seul garant de la paix et de la s\u00e9curit\u00e9 dans la r\u00e9gion"},"content":{"rendered":"<p>Les participants au 15e Congr\u00e8s du Front Polisario \u00abChahid El-Boukhari Ahmed\u00bb, dont les travaux se poursuivaient hier \u00e0 huis clos \u00e0 Tifariti, ont affirm\u00e9 que la paix et la s\u00e9curit\u00e9 dans la r\u00e9gion ne sauront \u00eatre r\u00e9alis\u00e9es sans la garantie du droit juste et inali\u00e9nable du peuple sahraoui \u00e0 l\u2019autod\u00e9termination, \u00e0 travers l\u2019organisation d\u2019un r\u00e9f\u00e9rendum d\u2019autod\u00e9termination.\u00a0 Lors du troisi\u00e8me jour de ce rendez-vous crucial pour la cause sahraouie, qui se poursuivra jusqu\u2019au 23 d\u00e9cembre, les congressistes proc\u00e8deront \u00e0 la d\u00e9signation des Commissions de travail pour l\u2019\u00e9laboration des plans\u00a0 d\u00e9finitifs li\u00e9s \u00e0 l\u2019organisation du Congr\u00e8s, selon les organisateurs. La Commission du statut particulier devra, quant \u00e0 elle, pr\u00e9senter son plan de travail, avant de proc\u00e9der \u00e0 l\u2019approbation des diff\u00e9rents articles\u00a0 propos\u00e9s \u00e0 la r\u00e9forme, en plus du projet de r\u00e9forme de la Constitution, et \u00e9galement la formation de la Commission charg\u00e9e de l\u2019\u00e9lection du Secr\u00e9taire g\u00e9n\u00e9ral du Front Polisario, qui occupera aussi le poste de Pr\u00e9sident de la\u00a0 R\u00e9publique arabe sahraouie d\u00e9mocratique (RASD).<\/p>\n<p><strong>Des appels \u00e0 mettre fin \u00e0 l\u2019occupation<\/strong><\/p>\n<p>Dans son allocution, \u00e0 l\u2019ouverture des travaux de ce Congr\u00e8s, le pr\u00e9sident\u00a0 de la R\u00e9publique sahraouie, secr\u00e9taire g\u00e9n\u00e9ral du Front Polisario, Brahim\u00a0 Ghali, a affirm\u00e9 que le peuple sahraoui n\u2019acceptera ni de nouvelles tergiversations ni de prolongation de l\u2019occupation marocaine. Brahim Ghali a soulign\u00e9, lors de sa pr\u00e9sentation du rapport litt\u00e9raire du Secr\u00e9tariat national du Front Polisario, que \u00able Sahraoui, qui est derri\u00e8re son repr\u00e9sentant l\u00e9gitime et unique, le Front Polisario, ne peut accepter\u00a0 plus d\u2019ajournements r\u00e9p\u00e9t\u00e9s, et n\u2019acceptera pas la prolongation de\u00a0 l\u2019occupation\u00bb. Le Chef de l\u2019\u00c9tat sahraoui a soutenu, dans son discours, que pendant pr\u00e8s de trente ans, le Front Polisario a fait de nombreuses concessions, afin de cr\u00e9er l\u2019atmosph\u00e8re de confiance n\u00e9cessaire entre les parties au conflit, le Front Polisario et le Royaume du Maroc. \u00abNous renouvelons notre volont\u00e9\u00a0 permanente de coop\u00e9rer de mani\u00e8re constructive avec ces efforts pour\u00a0 d\u00e9coloniser la derni\u00e8re colonie en Afrique\u00bb, a-t-il affirm\u00e9. Et d\u2019ajouter : \u00abNous demandons \u00e0 la communaut\u00e9 internationale d\u2019assumer ses\u00a0 responsabilit\u00e9s et ses obligations envers le peuple sahraoui, et \u00e0 \u00e9pargner\u00a0 la r\u00e9gion des r\u00e9percussions de la doctrine expansionniste du Royaume du\u00a0 Maroc\u00bb. Le pr\u00e9sident de la RASD a soulign\u00e9 que \u00abl\u2019\u00e9tat actuel d\u2019obstruction, r\u00e9sultant de la politique d\u2019intransigeance et d\u2019obstruction syst\u00e9matique\u00a0 par l\u2019\u00c9tat d\u2019occupation marocain, n\u2019a aucune justification, ce qui refl\u00e8te un \u00e9chec de la mise en \u0153uvre de la Charte et des r\u00e9solutions des Nations unies, en particulier le droit \u00e0 l\u2019ind\u00e9pendance du peuple sahraoui, comme tous les peuples et pays colonis\u00e9s\u00bb.<\/p>\n<p><strong>L\u2019UA, appel\u00e9e \u00e0 prendre\u00a0\u00a0 les mesures n\u00e9cessaires\u00a0 contre l\u2019occupation<\/strong><\/p>\n<p>M. Ghali a r\u00e9affirm\u00e9 que \u00abl\u2019Union africaine, qui est un partenaire majeur\u00a0 du processus de paix de l\u2019UA-ONU, nous lui demandons de faire plus d\u2019efforts et de prendre les mesures n\u00e9cessaires pour que le Royaume du Maroc respecte ses obligations envers la Charte de l\u2019UA, et de se retirer, sans restriction ni condition, de la partie qu\u2019il occupe de notre pays\u00bb. \u00ab\u00c9tant donn\u00e9 que le Conseil de s\u00e9curit\u00e9 des Nations unies n\u2019a pas mis en \u0153uvre les exigences du plan de r\u00e8glement des Nations unies pour l\u2019ann\u00e9e\u00a0 1991, il ne reste plus au Front Polisario qu\u2019\u00e0 revoir ses positions par apport au processus de paix dans son ensemble\u00bb, a lanc\u00e9 le pr\u00e9sident de la RASD, affirmant que \u00abla prochaine \u00e9tape n\u00e9cessite une administration\u00a0 nationale efficace et capable de mobiliser toutes les capacit\u00e9s nationales et de les utiliser, avec contr\u00f4le et rationalit\u00e9, pour servir les priorit\u00e9s qui seront d\u00e9cid\u00e9es par le Congr\u00e8s\u00bb.<br \/>\u00a0<\/p>\n<p>Auteur: elmoudjahid<br \/>\n<a href=\"http:\/\/www.elmoudjahid.com\/fr\/actualites\/146148\">Cliquez ici pour lire l&rsquo;article depuis sa source.<\/a><\/p>\n","protected":false},"excerpt":{"rendered":"<p>Les participants au 15e Congr\u00e8s du Front Polisario \u00abChahid El-Boukhari Ahmed\u00bb, dont les travaux se poursuivaient hier \u00e0 huis clos \u00e0 Tifariti, ont affirm\u00e9 que la paix et la s\u00e9curit\u00e9 dans la r\u00e9gion ne sauront \u00eatre r\u00e9alis\u00e9es sans la garantie du droit juste et inali\u00e9nable du peuple sahraoui \u00e0 l\u2019autod\u00e9termination, \u00e0 travers l\u2019organisation d\u2019un r\u00e9f\u00e9rendum [&hellip;]<\/p>\n","protected":false},"author":1744,"featured_media":0,"comment_status":"closed","ping_status":"closed","sticky":false,"template":"","format":"standard","meta":{"fifu_image_url":"","fifu_image_alt":"","footnotes":""},"categories":[73,53],"tags":[],"class_list":["post-70879","post","type-post","status-publish","format-standard","hentry","category-actualite","category-algerie"],"_links":{"self":[{"href":"https:\/\/linitiative.ca\/International\/wp-json\/wp\/v2\/posts\/70879","targetHints":{"allow":["GET"]}}],"collection":[{"href":"https:\/\/linitiative.ca\/International\/wp-json\/wp\/v2\/posts"}],"about":[{"href":"https:\/\/linitiative.ca\/International\/wp-json\/wp\/v2\/types\/post"}],"author":[{"embeddable":true,"href":"https:\/\/linitiative.ca\/International\/wp-json\/wp\/v2\/users\/1744"}],"replies":[{"embeddable":true,"href":"https:\/\/linitiative.ca\/International\/wp-json\/wp\/v2\/comments?post=70879"}],"version-history":[{"count":0,"href":"https:\/\/linitiative.ca\/International\/wp-json\/wp\/v2\/posts\/70879\/revisions"}],"wp:attachment":[{"href":"https:\/\/linitiative.ca\/International\/wp-json\/wp\/v2\/media?parent=70879"}],"wp:term":[{"taxonomy":"category","embeddable":true,"href":"https:\/\/linitiative.ca\/International\/wp-json\/wp\/v2\/categories?post=70879"},{"taxonomy":"post_tag","embeddable":true,"href":"https:\/\/linitiative.ca\/International\/wp-json\/wp\/v2\/tags?post=70879"}],"curies":[{"name":"wp","href":"https:\/\/api.w.org\/{rel}","templated":true}]}}