{"id":70880,"date":"2019-12-21T15:19:16","date_gmt":"2019-12-21T20:19:16","guid":{"rendered":"https:\/\/linitiative.ca\/International\/vacances-scolaires-plan-securitaire-special-de-la-dgsn\/"},"modified":"2019-12-21T15:19:16","modified_gmt":"2019-12-21T20:19:16","slug":"vacances-scolaires-plan-securitaire-special-de-la-dgsn","status":"publish","type":"post","link":"https:\/\/linitiative.ca\/International\/vacances-scolaires-plan-securitaire-special-de-la-dgsn\/","title":{"rendered":"Vacances scolaires :  Plan s\u00e9curitaire  sp\u00e9cial de la DGSN"},"content":{"rendered":"<p>La Direction g\u00e9n\u00e9rale de la S\u00fbret\u00e9 nationale\u00a0 (DGSN) a trac\u00e9 un plan s\u00e9curitaire pr\u00e9voyant une s\u00e9rie de mesures\u00a0 pr\u00e9ventives, \u00e0 l\u2019occasion des vacances scolaires d\u2019hiver, afin de r\u00e9unir les conditions n\u00e9cessaires au bon d\u00e9roulement de ces vacances, a indiqu\u00e9, vendredi, la DGSN, dans un communiqu\u00e9. \u00abEn raison du trafic routier dense et des nombreux d\u00e9placements des\u00a0 citoyens pendant les vacances, la DGSN a renforc\u00e9 ses effectifs au niveau des espaces publics, des gares routi\u00e8res et ferroviaires et des stations de m\u00e9tro et de tramway, outre la mise en place d\u2019un dispositif s\u00e9curitaire\u00a0 mobilis\u00e9 jusqu\u2019\u00e0 une heure tardive de la journ\u00e9e au niveau des structures publiques, des parcs d\u2019attraction et espaces de loisirs\u00bb, a pr\u00e9cis\u00e9 le\u00a0 communiqu\u00e9.\u00a0 La DGSN appelle les usagers de la voie publique \u00e0 la prudence et \u00e0 la vigilance, lors de la conduite et au respect du code de la route, notamment dans ces conditions climatiques variables. Les num\u00e9ros vert \u00ab15 48\u00bb et de secours (17) sont joignables 24h\/24 pour tout signalement ou renseignement, rappelle la DGSN.<br \/>\u00a0<\/p>\n<p>Auteur: elmoudjahid<br \/>\n<a href=\"http:\/\/www.elmoudjahid.com\/fr\/actualites\/146149\">Cliquez ici pour lire l&rsquo;article depuis sa source.<\/a><\/p>\n","protected":false},"excerpt":{"rendered":"<p>La Direction g\u00e9n\u00e9rale de la S\u00fbret\u00e9 nationale\u00a0 (DGSN) a trac\u00e9 un plan s\u00e9curitaire pr\u00e9voyant une s\u00e9rie de mesures\u00a0 pr\u00e9ventives, \u00e0 l\u2019occasion des vacances scolaires d\u2019hiver, afin de r\u00e9unir les conditions n\u00e9cessaires au bon d\u00e9roulement de ces vacances, a indiqu\u00e9, vendredi, la DGSN, dans un communiqu\u00e9. \u00abEn raison du trafic routier dense et des nombreux d\u00e9placements [&hellip;]<\/p>\n","protected":false},"author":1744,"featured_media":0,"comment_status":"closed","ping_status":"closed","sticky":false,"template":"","format":"standard","meta":{"fifu_image_url":"","fifu_image_alt":"","footnotes":""},"categories":[73,53],"tags":[],"class_list":["post-70880","post","type-post","status-publish","format-standard","hentry","category-actualite","category-algerie"],"_links":{"self":[{"href":"https:\/\/linitiative.ca\/International\/wp-json\/wp\/v2\/posts\/70880","targetHints":{"allow":["GET"]}}],"collection":[{"href":"https:\/\/linitiative.ca\/International\/wp-json\/wp\/v2\/posts"}],"about":[{"href":"https:\/\/linitiative.ca\/International\/wp-json\/wp\/v2\/types\/post"}],"author":[{"embeddable":true,"href":"https:\/\/linitiative.ca\/International\/wp-json\/wp\/v2\/users\/1744"}],"replies":[{"embeddable":true,"href":"https:\/\/linitiative.ca\/International\/wp-json\/wp\/v2\/comments?post=70880"}],"version-history":[{"count":0,"href":"https:\/\/linitiative.ca\/International\/wp-json\/wp\/v2\/posts\/70880\/revisions"}],"wp:attachment":[{"href":"https:\/\/linitiative.ca\/International\/wp-json\/wp\/v2\/media?parent=70880"}],"wp:term":[{"taxonomy":"category","embeddable":true,"href":"https:\/\/linitiative.ca\/International\/wp-json\/wp\/v2\/categories?post=70880"},{"taxonomy":"post_tag","embeddable":true,"href":"https:\/\/linitiative.ca\/International\/wp-json\/wp\/v2\/tags?post=70880"}],"curies":[{"name":"wp","href":"https:\/\/api.w.org\/{rel}","templated":true}]}}