{"id":70881,"date":"2019-12-21T15:19:19","date_gmt":"2019-12-21T20:19:19","guid":{"rendered":"https:\/\/linitiative.ca\/International\/presidence-de-la-republique-mm-noureddine-ayadi-et-mohamed-el-amine-messaid-nommes-respectivement-directeur-de-cabinet-et-sg\/"},"modified":"2019-12-21T15:19:19","modified_gmt":"2019-12-21T20:19:19","slug":"presidence-de-la-republique-mm-noureddine-ayadi-et-mohamed-el-amine-messaid-nommes-respectivement-directeur-de-cabinet-et-sg","status":"publish","type":"post","link":"https:\/\/linitiative.ca\/International\/presidence-de-la-republique-mm-noureddine-ayadi-et-mohamed-el-amine-messaid-nommes-respectivement-directeur-de-cabinet-et-sg\/","title":{"rendered":"Pr\u00e9sidence de la R\u00e9publique : MM. Noureddine Ayadi et Mohamed El-Amine Messa\u00efd, nomm\u00e9s respectivement directeur de Cabinet et SG"},"content":{"rendered":"<p>Le pr\u00e9sident de la R\u00e9publique, M. Abdelmadjid Tebboune, a nomm\u00e9, samedi, M.\u2008Mohamed El\u2008Amine Messa\u00efd, au poste de Secr\u00e9taire g\u00e9n\u00e9ral de la pr\u00e9sidence de la R\u00e9publique.<br \/>Le pr\u00e9sident a aussi nomm\u00e9 M. Noureddine Ayadi au poste de directeur de Cabinet de la pr\u00e9sidence de la R\u00e9publique, indique un communiqu\u00e9 de la pr\u00e9sidence de la R\u00e9publique.<br \/>\u00a0<\/p>\n<p>Auteur: elmoudjahid<br \/>\n<a href=\"http:\/\/www.elmoudjahid.com\/fr\/actualites\/146150\">Cliquez ici pour lire l&rsquo;article depuis sa source.<\/a><\/p>\n","protected":false},"excerpt":{"rendered":"<p>Le pr\u00e9sident de la R\u00e9publique, M. Abdelmadjid Tebboune, a nomm\u00e9, samedi, M.\u2008Mohamed El\u2008Amine Messa\u00efd, au poste de Secr\u00e9taire g\u00e9n\u00e9ral de la pr\u00e9sidence de la R\u00e9publique.Le pr\u00e9sident a aussi nomm\u00e9 M. Noureddine Ayadi au poste de directeur de Cabinet de la pr\u00e9sidence de la R\u00e9publique, indique un communiqu\u00e9 de la pr\u00e9sidence de la R\u00e9publique.\u00a0 Auteur: elmoudjahid [&hellip;]<\/p>\n","protected":false},"author":1744,"featured_media":0,"comment_status":"closed","ping_status":"closed","sticky":false,"template":"","format":"standard","meta":{"fifu_image_url":"","fifu_image_alt":"","footnotes":""},"categories":[73,53],"tags":[],"class_list":["post-70881","post","type-post","status-publish","format-standard","hentry","category-actualite","category-algerie"],"_links":{"self":[{"href":"https:\/\/linitiative.ca\/International\/wp-json\/wp\/v2\/posts\/70881","targetHints":{"allow":["GET"]}}],"collection":[{"href":"https:\/\/linitiative.ca\/International\/wp-json\/wp\/v2\/posts"}],"about":[{"href":"https:\/\/linitiative.ca\/International\/wp-json\/wp\/v2\/types\/post"}],"author":[{"embeddable":true,"href":"https:\/\/linitiative.ca\/International\/wp-json\/wp\/v2\/users\/1744"}],"replies":[{"embeddable":true,"href":"https:\/\/linitiative.ca\/International\/wp-json\/wp\/v2\/comments?post=70881"}],"version-history":[{"count":0,"href":"https:\/\/linitiative.ca\/International\/wp-json\/wp\/v2\/posts\/70881\/revisions"}],"wp:attachment":[{"href":"https:\/\/linitiative.ca\/International\/wp-json\/wp\/v2\/media?parent=70881"}],"wp:term":[{"taxonomy":"category","embeddable":true,"href":"https:\/\/linitiative.ca\/International\/wp-json\/wp\/v2\/categories?post=70881"},{"taxonomy":"post_tag","embeddable":true,"href":"https:\/\/linitiative.ca\/International\/wp-json\/wp\/v2\/tags?post=70881"}],"curies":[{"name":"wp","href":"https:\/\/api.w.org\/{rel}","templated":true}]}}