{"id":70882,"date":"2019-12-21T15:19:20","date_gmt":"2019-12-21T20:19:20","guid":{"rendered":"https:\/\/linitiative.ca\/International\/promotion-des-droits-de-lhomme-m-rabehi-un-principe-immuable-de-letat\/"},"modified":"2019-12-21T15:19:20","modified_gmt":"2019-12-21T20:19:20","slug":"promotion-des-droits-de-lhomme-m-rabehi-un-principe-immuable-de-letat","status":"publish","type":"post","link":"https:\/\/linitiative.ca\/International\/promotion-des-droits-de-lhomme-m-rabehi-un-principe-immuable-de-letat\/","title":{"rendered":"Promotion des droits de l\u2019homme, M. Rabehi : \u00abUn principe immuable de l\u2019\u00e9tat\u00bb"},"content":{"rendered":"<p><strong>Le ministre de la Communication, porte-parole du gouvernement et ministre de la Culture par int\u00e9rim, Hassan Rabehi, a affirm\u00e9, hier \u00e0 Alger, que le respect et la promotion des droits de l\u2019homme sont des \u00abprincipes immuables\u00bb de la politique interne de l\u2019\u00c9tat alg\u00e9rien et de ses relations internationales.<\/strong><\/p>\n<p>Le ministre qui s\u2019exprimait l\u2019occasion de la c\u00e9r\u00e9monie de c\u00e9l\u00e9bration de la journ\u00e9e internationale des Droits de l\u2019homme, organis\u00e9e par le Conseil national des droits de l\u2019homme (CNDH), a tenu \u00e0 pr\u00e9ciser que l\u2019Alg\u00e9rie r\u00e9it\u00e8re \u00abson attachement aux trait\u00e9s, conventions et pactes internationaux auxquels elle est partie prenante, et par lesquels elle est li\u00e9e\u00bb.<br \/>Cette c\u00e9r\u00e9monie a \u00e9t\u00e9 rehauss\u00e9e par la participation d\u2019un panel de personnalit\u00e9s politiques, acteurs des droits de l\u2019homme ainsi que des ministres du gouvernement int\u00e9rimaire.<br \/>En rappelant que notre pays a \u00e9t\u00e9 un pr\u00e9curseur dans la ratification des chartes et trait\u00e9s internationaux, et veille de ce fait, au renforcement de ces droits, M. Rabehi consid\u00e8re que la c\u00e9l\u00e9bration de la journ\u00e9e internationale des Droits de l\u2019homme est l\u2019occasion de rappeler le discours d\u2019investiture du pr\u00e9sident de la R\u00e9publique, prononc\u00e9 jeudi dernier, o\u00f9 M. Abdelmadjid Tebboune a soulign\u00e9 que le respect des droits est\u00a0\u00abfond\u00e9 sur notre conviction que l\u2019homme m\u00e9rite consid\u00e9ration,\u00a0respect et honneurs\u00bb, d\u2019o\u00f9 \u00abl\u2019engagement du pr\u00e9sident envers les droits de l\u2019homme\u00bb, a-t-il ajout\u00e9.<br \/>La c\u00e9l\u00e9bration de la journ\u00e9e internationale des Droits de l\u2019homme a co\u00efncid\u00e9 cette ann\u00e9e avec l\u2019organisation en Alg\u00e9rie de l\u2019\u00e9lection pr\u00e9sidentielle, \u00abun rendez-vous incontournable, concr\u00e9tisant r\u00e9ellement la pr\u00e9servation du droit du citoyen \u00e0 l\u2019expression libre de ses convictions\u00bb souligne l\u00e0 encore, le ministre.<br \/>\u00abL\u2019exp\u00e9rience acquise a permis d\u2019\u00e9viter d\u2019enfreindre les droits inali\u00e9nables des citoyens\u00bb, ajoute M. Rabehi en expliquant que \u00abla mise en place des m\u00e9canismes garantissant la transparence des \u00e9lections durant tout le processus vient s\u2019ajouter au cadre juridique assurant leur supervision par des institutions ind\u00e9pendantes. \u00abLa r\u00e9ussite de l\u2019organisation du scrutin est une preuve que ces droits sont bel et bien garantis\u00bb, s\u2019est f\u00e9licit\u00e9 le ministre.<br \/>Par la m\u00eame occasion le ministre, a tenu \u00e0 saluer les contributions importantes du d\u00e9funt Mohamed Kamel Rezzag-Bara \u00abun cadre comp\u00e9tent \u00e0 la dimension humaine et\u00a0 aux valeurs morales av\u00e9r\u00e9es\u00bb qui \u00abaccomplissait ses missions avec s\u00e9rieux, pers\u00e9v\u00e9rance, et loyaut\u00e9 envers son pays\u00bb, a not\u00e9 M.\u2008Rabehi.<\/p>\n<p><strong>La jeunesse au c\u0153ur de la c\u00e9l\u00e9bration de la Journ\u00e9e internationale\u00a0<\/strong><\/p>\n<p>Sur le plan international, le ministre a tenu \u00e0 assurer qu\u2019en mati\u00e8re de protection et des droits de l\u2019homme \u00abl\u2019Alg\u00e9rie \u0153uvre \u00e0 la fondation d\u2019un\u00a0 syst\u00e8me int\u00e9grant les juridictions nationales, et les chartes internationales, ainsi que la consolidation et le renforcement du r\u00f4le des institutions\u00bb pour la promotion des droits de l\u2019homme.\u00a0<br \/>Le ministre n\u2019a pas manqu\u00e9 de souligner l\u2019importance du r\u00f4le que jouent les m\u00e9dias\u00a0 dans la promotion de la culture civique, \u00aben \u00e9levant le degr\u00e9 de conscience au sein de la soci\u00e9t\u00e9 sur le n\u00e9cessaire respect de ces hautes valeurs\u00bb, poursuit-il.<br \/>Sur cette lanc\u00e9e, M. Rabehi a appel\u00e9 \u00e0 l\u2019intensification des sessions de formation au profit des journalistes et \u00e0 l\u2019investissement dans tous les espaces m\u00e9diatiques nationaux afin de \u00abpoursuivre les efforts pour promouvoir ces droits constitutionnalis\u00e9s\u00bb.<br \/>De son c\u00f4t\u00e9, le coordonnateur r\u00e9sident du syst\u00e8me des Nations unies en Alg\u00e9rie, l\u2019ambassadeur Eric Overvest, a tenu \u00e0 saluer l\u2019initiative du Conseil National des Droits de l\u2019Homme (CNDH) qui a mis l\u2019accent sur les capacit\u00e9s des jeunes en mati\u00e8re de d\u00e9fense des droits de l\u2019homme. Ceci, dans le cadre de la campagne des Nations unies \u00ables jeunes d\u00e9fendent les droits de l\u2019homme\u00bb.<br \/>Mettant la jeunesse au c\u0153ur de la c\u00e9l\u00e9bration de l\u2019\u00e9dition 2019, M. Overvest a d\u00e9clar\u00e9\u00a0 que \u00abdepuis\u00a0 le d\u00e9but de l\u2019ann\u00e9e 2019, la jeunesse alg\u00e9rienne a fait preuve d\u2019une grande maturit\u00e9 et d\u2019un engagement citoyen for\u00e7ant l\u2019admiration de tous\u00bb.<br \/>\u00abJe suis convaincu que cette jeunesse pourra contribuer activement \u00e0 la prosp\u00e9rit\u00e9 de l\u2019Alg\u00e9rie\u00bb, a-t-il dit.<br \/>Le pr\u00e9sident du CNDH a saisi l\u2019occasion pour rendre un hommage posthume \u00e0 M.\u2008Rezzag-Bara,\u00a0 il a\u00a0 rappel\u00e9 le parcours du d\u00e9funt, grand sp\u00e9cialiste des questions s\u00e9curitaires, ancien diplomate qui a occup\u00e9 plusieurs fonctions et responsabilit\u00e9s au sein des institutions de l\u2019Etat, dont celui de pr\u00e9sident de l\u2019Observatoire national des droits de l\u2019homme (ONDH)\u00a0 dans les ann\u00e9es 1990.<br \/>Il \u00e9tait aussi membre de la Commission africaine des droits de l\u2019homme et des peuples (avril 1998), pr\u00e9sident du groupe de travail sur les populations\/communaut\u00e9s autochtones et chef de mission aupr\u00e8s de l\u2019Union africaine (UA).<br \/>Durant sa carri\u00e8re, Rezzag-Bara a assum\u00e9 \u00e9galement le poste d\u2019ambassadeur d\u2019Alg\u00e9rie \u00e0 Tripoli de 2001 \u00e0 2004, avant d\u2019\u00eatre d\u00e9sign\u00e9 conseiller \u00e0 la pr\u00e9sidence, charg\u00e9 des questions s\u00e9curitaires en 2005. Le d\u00e9funt intervenait souvent sur les questions li\u00e9es \u00e0 la paix, \u00e0 la s\u00e9curit\u00e9 et \u00e0 la lutte contre le terrorisme et l\u2019extr\u00e9misme violent dans des s\u00e9minaires et conf\u00e9rences sur ces th\u00e8mes. Il est d\u00e9c\u00e9d\u00e9 le 25 juillet 2017 \u00e0 69 ans, des suites d\u2019une longue maladie.<br \/>Tahar Ka\u00efdi<\/p>\n<p>Auteur: elmoudjahid<br \/>\n<a href=\"http:\/\/www.elmoudjahid.com\/fr\/actualites\/146151\">Cliquez ici pour lire l&rsquo;article depuis sa source.<\/a><\/p>\n","protected":false},"excerpt":{"rendered":"<p>Le ministre de la Communication, porte-parole du gouvernement et ministre de la Culture par int\u00e9rim, Hassan Rabehi, a affirm\u00e9, hier \u00e0 Alger, que le respect et la promotion des droits de l\u2019homme sont des \u00abprincipes immuables\u00bb de la politique interne de l\u2019\u00c9tat alg\u00e9rien et de ses relations internationales. Le ministre qui s\u2019exprimait l\u2019occasion de la [&hellip;]<\/p>\n","protected":false},"author":1744,"featured_media":0,"comment_status":"closed","ping_status":"closed","sticky":false,"template":"","format":"standard","meta":{"fifu_image_url":"","fifu_image_alt":"","footnotes":""},"categories":[73,53],"tags":[],"class_list":["post-70882","post","type-post","status-publish","format-standard","hentry","category-actualite","category-algerie"],"_links":{"self":[{"href":"https:\/\/linitiative.ca\/International\/wp-json\/wp\/v2\/posts\/70882","targetHints":{"allow":["GET"]}}],"collection":[{"href":"https:\/\/linitiative.ca\/International\/wp-json\/wp\/v2\/posts"}],"about":[{"href":"https:\/\/linitiative.ca\/International\/wp-json\/wp\/v2\/types\/post"}],"author":[{"embeddable":true,"href":"https:\/\/linitiative.ca\/International\/wp-json\/wp\/v2\/users\/1744"}],"replies":[{"embeddable":true,"href":"https:\/\/linitiative.ca\/International\/wp-json\/wp\/v2\/comments?post=70882"}],"version-history":[{"count":0,"href":"https:\/\/linitiative.ca\/International\/wp-json\/wp\/v2\/posts\/70882\/revisions"}],"wp:attachment":[{"href":"https:\/\/linitiative.ca\/International\/wp-json\/wp\/v2\/media?parent=70882"}],"wp:term":[{"taxonomy":"category","embeddable":true,"href":"https:\/\/linitiative.ca\/International\/wp-json\/wp\/v2\/categories?post=70882"},{"taxonomy":"post_tag","embeddable":true,"href":"https:\/\/linitiative.ca\/International\/wp-json\/wp\/v2\/tags?post=70882"}],"curies":[{"name":"wp","href":"https:\/\/api.w.org\/{rel}","templated":true}]}}