{"id":70889,"date":"2019-12-21T10:16:00","date_gmt":"2019-12-21T15:16:00","guid":{"rendered":"https:\/\/linitiative.ca\/International\/derapage-dun-bus-a-oued-fali-5-morts-et-35-blesses-a-tizi-ouzou\/"},"modified":"2019-12-21T10:16:00","modified_gmt":"2019-12-21T15:16:00","slug":"derapage-dun-bus-a-oued-fali-5-morts-et-35-blesses-a-tizi-ouzou","status":"publish","type":"post","link":"https:\/\/linitiative.ca\/International\/derapage-dun-bus-a-oued-fali-5-morts-et-35-blesses-a-tizi-ouzou\/","title":{"rendered":"DERAPAGE D&rsquo;UN BUS A OUED FALI : 5 morts et 35 bless\u00e9s \u00e0 Tizi-Ouzou"},"content":{"rendered":"<p><br id=\"sep_para_1\" class=\"sep_para access\"\/><\/p>\n<div id=\"para_1\" class=\"para_34578536 resize\">\n<div class=\"texte access firstletter\">Au total cinq personnes ont perdu la vie et 35 ont \u00e9t\u00e9 bless\u00e9es lors du d\u00e9rapage, vendredi soir, d&rsquo;un bus \u00e0 Oued Fali, \u00e0 la sortie Ouest de Tizi-Ouzou, a confirm\u00e9 un bilan d\u00e9finitif communiqu\u00e9 samedi par la Protection civile. Parmi les personnes d\u00e9c\u00e9d\u00e9es, figurent deux hommes \u00e2g\u00e9s de 24 et 29 ans, et deux femmes de 32 et 45 ans ainsi qu&rsquo;une fillette de 9 ans, tandis qu&rsquo;on d\u00e9nombre 13 hommes, 14 femmes et 8 enfants (\u00e2g\u00e9s entre 6 mois et 17 ans) parmi les bless\u00e9s, selon la m\u00eame source. Toutes les victimes de ce drame survenu vendredi dans la soir\u00e9e ont \u00e9t\u00e9 \u00e9vacu\u00e9es vers le CHU Nedir Mohamed. Dans un premier bilan, communiqu\u00e9 tard dans la soir\u00e9e de vendredi \u00e0 Samedi, une source hospitali\u00e8re faisait \u00e9tat du m\u00eame bilan, soit 5 morts et 35 bless\u00e9s.<\/div>\n<\/div>\n<p>Auteur: Ismain<br \/>\n<a href=\"https:\/\/www.reflexiondz.net\/DERAPAGE-D-UN-BUS-A-OUED-FALI-5-morts-et-35-blesses-a-Tizi-Ouzou_a59530.html\">Cliquez ici pour lire l&rsquo;article depuis sa source.<\/a><\/p>\n","protected":false},"excerpt":{"rendered":"<p>Au total cinq personnes ont perdu la vie et 35 ont \u00e9t\u00e9 bless\u00e9es lors du d\u00e9rapage, vendredi soir, d&rsquo;un bus \u00e0 Oued Fali, \u00e0 la sortie Ouest de Tizi-Ouzou, a confirm\u00e9 un bilan d\u00e9finitif communiqu\u00e9 samedi par la Protection civile. Parmi les personnes d\u00e9c\u00e9d\u00e9es, figurent deux hommes \u00e2g\u00e9s de 24 et 29 ans, et deux [&hellip;]<\/p>\n","protected":false},"author":1740,"featured_media":0,"comment_status":"closed","ping_status":"closed","sticky":false,"template":"","format":"standard","meta":{"fifu_image_url":"","fifu_image_alt":"","footnotes":""},"categories":[53,76],"tags":[],"class_list":["post-70889","post","type-post","status-publish","format-standard","hentry","category-algerie","category-regions"],"_links":{"self":[{"href":"https:\/\/linitiative.ca\/International\/wp-json\/wp\/v2\/posts\/70889","targetHints":{"allow":["GET"]}}],"collection":[{"href":"https:\/\/linitiative.ca\/International\/wp-json\/wp\/v2\/posts"}],"about":[{"href":"https:\/\/linitiative.ca\/International\/wp-json\/wp\/v2\/types\/post"}],"author":[{"embeddable":true,"href":"https:\/\/linitiative.ca\/International\/wp-json\/wp\/v2\/users\/1740"}],"replies":[{"embeddable":true,"href":"https:\/\/linitiative.ca\/International\/wp-json\/wp\/v2\/comments?post=70889"}],"version-history":[{"count":0,"href":"https:\/\/linitiative.ca\/International\/wp-json\/wp\/v2\/posts\/70889\/revisions"}],"wp:attachment":[{"href":"https:\/\/linitiative.ca\/International\/wp-json\/wp\/v2\/media?parent=70889"}],"wp:term":[{"taxonomy":"category","embeddable":true,"href":"https:\/\/linitiative.ca\/International\/wp-json\/wp\/v2\/categories?post=70889"},{"taxonomy":"post_tag","embeddable":true,"href":"https:\/\/linitiative.ca\/International\/wp-json\/wp\/v2\/tags?post=70889"}],"curies":[{"name":"wp","href":"https:\/\/api.w.org\/{rel}","templated":true}]}}