{"id":70891,"date":"2019-12-21T10:19:00","date_gmt":"2019-12-21T15:19:00","guid":{"rendered":"https:\/\/linitiative.ca\/International\/mostaganem-arrestation-dun-dangereux-casseur-de-vehicules\/"},"modified":"2019-12-21T10:19:00","modified_gmt":"2019-12-21T15:19:00","slug":"mostaganem-arrestation-dun-dangereux-casseur-de-vehicules","status":"publish","type":"post","link":"https:\/\/linitiative.ca\/International\/mostaganem-arrestation-dun-dangereux-casseur-de-vehicules\/","title":{"rendered":"MOSTAGANEM : Arrestation d\u2019un dangereux casseur de v\u00e9hicules"},"content":{"rendered":"<p><br id=\"sep_para_1\" class=\"sep_para access\"\/><\/p>\n<div id=\"para_1\" class=\"para_34578608 resize\">\n<div class=\"texte access firstletter\">Dans le cadre de la lutte contre la criminalit\u00e9 de toutes sortes, les quatri\u00e8mes forces de s\u00e9curit\u00e9 de la police urbaine ont r\u00e9ussi \u00e0 mettre un terme \u00e0 un\u00a0 voleur \u00e2g\u00e9 de 37 ans, originaire de Mostaganem, impliqu\u00e9 dans des cas de vol \u00e0 l&rsquo;int\u00e9rieur de v\u00e9hicules sous la menace d&rsquo;une arme blanche. L\u2019affaire est intervenue le 15 d\u00e9cembre 2019, \u00e0 la suite d\u2019un appel au secours, re\u00e7u par la s\u00fbret\u00e9 de la wilaya de Mostaganem, selon lequel un groupe de personnes arm\u00e9es d&rsquo;armes blanches tentaient de prendre d&rsquo;assaut une maison situ\u00e9e pr\u00e8s de l\u2019ORAVIO, dans la cit\u00e9 \u00ab Salamandre \u00bb. Imm\u00e9diatement, les forces de police se d\u00e9plac\u00e8rent vers le lieu indiqu\u00e9 o\u00f9 ils ont pu proc\u00e9der \u00e0 l\u2019arrestation\u00a0 de l&rsquo;un d&rsquo;entre eux, alors que ses acolytes se sont \u00e9chapp\u00e9s. Apr\u00e8s enqu\u00eate sur l&rsquo;affaire, il s\u2019est av\u00e9r\u00e9 que le suspect arr\u00eat\u00e9 avait d\u00e9j\u00e0 commis un vol \u00e0 l&rsquo;int\u00e9rieur de deux (2) v\u00e9hicules avec deux autres personnes la veille, durant la nuit. Apr\u00e8s avoir accompli leur forfait, le m\u00eame groupe est revenu le lendemain dans le m\u00eame quartier pour tenter de\u00a0 commettre un autre vol de l&rsquo;int\u00e9rieur d&rsquo;un autre v\u00e9hicule. Cependant, les habitants du quartier pr\u00e9cit\u00e9\u00a0 ont d\u00e9couvert\u00a0 qu\u2019ils sont entrain de faire l\u2019objet d\u2019une autre tentative de vol et ont eu une r\u00e9action de d\u00e9fense face aux intrus\u00a0 arm\u00e9s dans une confrontation .Cette situation aurait pu d\u00e9g\u00e9n\u00e9rer\u00a0 en entrainant\u00a0 de lourdes cons\u00e9quences, si ce n\u2019est, heureusement, l\u2019intervention rapide des forces de police qui s\u2019est sold\u00e9e par l\u2019arrestation du principal suspect dans cette affaire. Accus\u00e9 de vol \u00e0 l&rsquo;int\u00e9rieur de v\u00e9hicules et menace par armes blanches, en flagrant d\u00e9lit, le principal suspect susmentionn\u00e9 a \u00e9t\u00e9 pr\u00e9sent\u00e9 par devant le procureur de la R\u00e9publique pr\u00e8s le tribunal de Mostaganem qui l\u2019a \u00e9crou\u00e9.<\/div>\n<\/div>\n<p>Auteur: Y.Zahachi<br \/>\n<a href=\"https:\/\/www.reflexiondz.net\/MOSTAGANEM-Arrestation-d-un-dangereux-casseur-de-vehicules_a59540.html\">Cliquez ici pour lire l&rsquo;article depuis sa source.<\/a><\/p>\n","protected":false},"excerpt":{"rendered":"<p>Dans le cadre de la lutte contre la criminalit\u00e9 de toutes sortes, les quatri\u00e8mes forces de s\u00e9curit\u00e9 de la police urbaine ont r\u00e9ussi \u00e0 mettre un terme \u00e0 un\u00a0 voleur \u00e2g\u00e9 de 37 ans, originaire de Mostaganem, impliqu\u00e9 dans des cas de vol \u00e0 l&rsquo;int\u00e9rieur de v\u00e9hicules sous la menace d&rsquo;une arme blanche. L\u2019affaire est [&hellip;]<\/p>\n","protected":false},"author":1740,"featured_media":0,"comment_status":"closed","ping_status":"closed","sticky":false,"template":"","format":"standard","meta":{"fifu_image_url":"","fifu_image_alt":"","footnotes":""},"categories":[53,76],"tags":[],"class_list":["post-70891","post","type-post","status-publish","format-standard","hentry","category-algerie","category-regions"],"_links":{"self":[{"href":"https:\/\/linitiative.ca\/International\/wp-json\/wp\/v2\/posts\/70891","targetHints":{"allow":["GET"]}}],"collection":[{"href":"https:\/\/linitiative.ca\/International\/wp-json\/wp\/v2\/posts"}],"about":[{"href":"https:\/\/linitiative.ca\/International\/wp-json\/wp\/v2\/types\/post"}],"author":[{"embeddable":true,"href":"https:\/\/linitiative.ca\/International\/wp-json\/wp\/v2\/users\/1740"}],"replies":[{"embeddable":true,"href":"https:\/\/linitiative.ca\/International\/wp-json\/wp\/v2\/comments?post=70891"}],"version-history":[{"count":0,"href":"https:\/\/linitiative.ca\/International\/wp-json\/wp\/v2\/posts\/70891\/revisions"}],"wp:attachment":[{"href":"https:\/\/linitiative.ca\/International\/wp-json\/wp\/v2\/media?parent=70891"}],"wp:term":[{"taxonomy":"category","embeddable":true,"href":"https:\/\/linitiative.ca\/International\/wp-json\/wp\/v2\/categories?post=70891"},{"taxonomy":"post_tag","embeddable":true,"href":"https:\/\/linitiative.ca\/International\/wp-json\/wp\/v2\/tags?post=70891"}],"curies":[{"name":"wp","href":"https:\/\/api.w.org\/{rel}","templated":true}]}}