{"id":70892,"date":"2019-12-21T10:19:00","date_gmt":"2019-12-21T15:19:00","guid":{"rendered":"https:\/\/linitiative.ca\/International\/prise-en-charge-des-enfants-autistes-a-mostaganem-lassociation-amel-epinglee-par-une-commission\/"},"modified":"2019-12-21T10:19:00","modified_gmt":"2019-12-21T15:19:00","slug":"prise-en-charge-des-enfants-autistes-a-mostaganem-lassociation-amel-epinglee-par-une-commission","status":"publish","type":"post","link":"https:\/\/linitiative.ca\/International\/prise-en-charge-des-enfants-autistes-a-mostaganem-lassociation-amel-epinglee-par-une-commission\/","title":{"rendered":"PRISE EN CHARGE DES ENFANTS AUTISTES A MOSTAGANEM   : L\u2019association \u2018\u2019Amel\u2019\u2019 \u00e9pingl\u00e9e par une Commission"},"content":{"rendered":"<p><br id=\"sep_para_1\" class=\"sep_para access\"\/><\/p>\n<div id=\"para_1\" class=\"para_34578604 resize\">\n<div class=\"texte access firstletter\">En d\u00e9pit de ce constat officiel relatif \u00e0 l\u2019incompatibilit\u00e9 du local avec les activit\u00e9s de prise en charge des enfants autistes, ladite Association \u00e0 d\u00e9clar\u00e9 \u00e9galement, dans sa page du r\u00e9seau social : \u00ab Nous continuons cependant de travailler avec vos enfants. Nous avons donc fait des nouvelles demandes de local aupr\u00e8s de la wilaya et la da\u00efra de Mostaganem pour la prise en charge des enfants, nous vous tenons inform\u00e9s des suites de nos d\u00e9marches \u00bb. Autant de questionnements se posent\u00a0 suite \u00e0 ces d\u00e9clarations en consid\u00e9ration du fait que le cas de la prise en charge des \u2018\u2019enfants autistes\u2019 est un cas sp\u00e9cial et d\u00e9licat qui exige\u00a0 une infrastructure adapt\u00e9e, dot\u00e9e des \u00e9quipements n\u00e9cessaires et parfaitement encadr\u00e9e par des psychologues sp\u00e9cialis\u00e9s, en nombre suffisant, conform\u00e9ment aux normes en vigueur d\u00e9finies par la r\u00e9glementation, selon les sp\u00e9cialistes en la mati\u00e8re. A noter que les parents sont et demeurent les premiers concern\u00e9s sociaux et les premi\u00e8res victimes \u00e0 souffrir de l\u2019\u00e9tat psychologique et mental de leur prog\u00e9niture .Pour ces derniers, il y a l\u2019exigence d\u2019une\u00a0 demande intransigeante pour\u00a0 des soins appropri\u00e9s, \u00e0 dispenser par un personnel de haute qualification, dans la chaine de traitement de l\u2019handicap mental. Dans cette affaire o\u00f9 la Commission comp\u00e9tente a \u00e9mis des r\u00e9serves appelant \u00e0 la mise en conformit\u00e9 du local actuel o\u00f9 active cette association, d\u00e9nomm\u00e9e\u00a0 \u00ab Autistes espoir Mostaganem\u00bb, le d\u00e9lai r\u00e8glementaire accord\u00e9, \u00e0 d\u00e9j\u00e0 commenc\u00e9 \u00e0 courir et tire bient\u00f4t \u00e0 sa fin.<\/div>\n<\/div>\n<p>Auteur: Y.Zahachi<br \/>\n<a href=\"https:\/\/www.reflexiondz.net\/PRISE-EN-CHARGE-DES-ENFANTS-AUTISTES-A-MOSTAGANEM-L-association-Amel-epinglee-par-une-Commission_a59538.html\">Cliquez ici pour lire l&rsquo;article depuis sa source.<\/a><\/p>\n","protected":false},"excerpt":{"rendered":"<p>En d\u00e9pit de ce constat officiel relatif \u00e0 l\u2019incompatibilit\u00e9 du local avec les activit\u00e9s de prise en charge des enfants autistes, ladite Association \u00e0 d\u00e9clar\u00e9 \u00e9galement, dans sa page du r\u00e9seau social : \u00ab Nous continuons cependant de travailler avec vos enfants. Nous avons donc fait des nouvelles demandes de local aupr\u00e8s de la wilaya [&hellip;]<\/p>\n","protected":false},"author":1740,"featured_media":0,"comment_status":"closed","ping_status":"closed","sticky":false,"template":"","format":"standard","meta":{"fifu_image_url":"","fifu_image_alt":"","footnotes":""},"categories":[53,76],"tags":[],"class_list":["post-70892","post","type-post","status-publish","format-standard","hentry","category-algerie","category-regions"],"_links":{"self":[{"href":"https:\/\/linitiative.ca\/International\/wp-json\/wp\/v2\/posts\/70892","targetHints":{"allow":["GET"]}}],"collection":[{"href":"https:\/\/linitiative.ca\/International\/wp-json\/wp\/v2\/posts"}],"about":[{"href":"https:\/\/linitiative.ca\/International\/wp-json\/wp\/v2\/types\/post"}],"author":[{"embeddable":true,"href":"https:\/\/linitiative.ca\/International\/wp-json\/wp\/v2\/users\/1740"}],"replies":[{"embeddable":true,"href":"https:\/\/linitiative.ca\/International\/wp-json\/wp\/v2\/comments?post=70892"}],"version-history":[{"count":0,"href":"https:\/\/linitiative.ca\/International\/wp-json\/wp\/v2\/posts\/70892\/revisions"}],"wp:attachment":[{"href":"https:\/\/linitiative.ca\/International\/wp-json\/wp\/v2\/media?parent=70892"}],"wp:term":[{"taxonomy":"category","embeddable":true,"href":"https:\/\/linitiative.ca\/International\/wp-json\/wp\/v2\/categories?post=70892"},{"taxonomy":"post_tag","embeddable":true,"href":"https:\/\/linitiative.ca\/International\/wp-json\/wp\/v2\/tags?post=70892"}],"curies":[{"name":"wp","href":"https:\/\/api.w.org\/{rel}","templated":true}]}}