{"id":70893,"date":"2019-12-21T10:19:00","date_gmt":"2019-12-21T15:19:00","guid":{"rendered":"https:\/\/linitiative.ca\/International\/mostaganem-un-voleur-daccessoires-de-vehicules-sous-les-verrous\/"},"modified":"2019-12-21T10:19:00","modified_gmt":"2019-12-21T15:19:00","slug":"mostaganem-un-voleur-daccessoires-de-vehicules-sous-les-verrous","status":"publish","type":"post","link":"https:\/\/linitiative.ca\/International\/mostaganem-un-voleur-daccessoires-de-vehicules-sous-les-verrous\/","title":{"rendered":"MOSTAGANEM : Un voleur d\u2019accessoires de v\u00e9hicules, sous les verrous"},"content":{"rendered":"<p><br id=\"sep_para_1\" class=\"sep_para access\"\/><\/p>\n<div id=\"para_1\" class=\"para_34578605 resize\">\n<div class=\"texte access firstletter\">\u00a0Dans le cadre de la lutte contre les d\u00e9lits de vol, les forces de la police judiciaire de la quatri\u00e8me (4\u00e8me ) s\u00fbret\u00e9 urbaine\u00a0 ont r\u00e9ussi \u00e0 mettre hors d\u2019\u00e9tat de nuire une personne sp\u00e9cialis\u00e9e dans le vol d&rsquo;accessoires automobiles, en l\u2019occurrence, le d\u00e9nomm\u00e9 H.A, \u00e2g\u00e9 de 26 ans et, r\u00e9sidant \u00e0 Mostaganem. C\u2019est suite \u00e0 une plainte d\u00e9pos\u00e9e par une victime de vol d\u2019enjoliveurs de roues de son v\u00e9hicule, qu\u2019une op\u00e9ration de recherches et d\u2019investigations a \u00e9t\u00e9 effectu\u00e9e\u00a0 aussit\u00f4t\u00a0 se soldant ainsi, par l\u2019identification\u00a0 et l\u2019arrestation du suspect mis en cause dans cette affaire et ce au niveau de la Cit\u00e9 Salamandre, vers les coups de 21heures 30 minutes. A noter\u00a0 que le suspect arr\u00eat\u00e9 \u00e9tait en possession des\u00a0 enjoliveurs qu\u2019il avait vol\u00e9s auparavant et qui plus\u00a0 \u00e9tait en \u00e9tat d\u2019\u00e9bri\u00e9t\u00e9. Accus\u00e9 de vol d&rsquo;accessoires\u00a0 de v\u00e9hicules , sous un d\u00e9guisement, en p\u00e9riode nocturne\u00a0 et en \u00e9tat d\u2019\u00e9bri\u00e9t\u00e9, il a \u00e9t\u00e9 pr\u00e9sent\u00e9 par-devant\u00a0 le procureur de la R\u00e9publique, pr\u00e8s le tribunal de Mostaganem, o\u00f9 il a \u00e9t\u00e9 plac\u00e9 en d\u00e9tention provisoire.\u00a0\u00a0\u00a0\u00a0\u00a0<\/div>\n<\/div>\n<p>Auteur: Y.Zahachi<br \/>\n<a href=\"https:\/\/www.reflexiondz.net\/MOSTAGANEM-Un-voleur-d-accessoires-de-vehicules-sous-les-verrous_a59539.html\">Cliquez ici pour lire l&rsquo;article depuis sa source.<\/a><\/p>\n","protected":false},"excerpt":{"rendered":"<p>\u00a0Dans le cadre de la lutte contre les d\u00e9lits de vol, les forces de la police judiciaire de la quatri\u00e8me (4\u00e8me ) s\u00fbret\u00e9 urbaine\u00a0 ont r\u00e9ussi \u00e0 mettre hors d\u2019\u00e9tat de nuire une personne sp\u00e9cialis\u00e9e dans le vol d&rsquo;accessoires automobiles, en l\u2019occurrence, le d\u00e9nomm\u00e9 H.A, \u00e2g\u00e9 de 26 ans et, r\u00e9sidant \u00e0 Mostaganem. C\u2019est suite [&hellip;]<\/p>\n","protected":false},"author":1740,"featured_media":0,"comment_status":"closed","ping_status":"closed","sticky":false,"template":"","format":"standard","meta":{"fifu_image_url":"","fifu_image_alt":"","footnotes":""},"categories":[53,76],"tags":[],"class_list":["post-70893","post","type-post","status-publish","format-standard","hentry","category-algerie","category-regions"],"_links":{"self":[{"href":"https:\/\/linitiative.ca\/International\/wp-json\/wp\/v2\/posts\/70893","targetHints":{"allow":["GET"]}}],"collection":[{"href":"https:\/\/linitiative.ca\/International\/wp-json\/wp\/v2\/posts"}],"about":[{"href":"https:\/\/linitiative.ca\/International\/wp-json\/wp\/v2\/types\/post"}],"author":[{"embeddable":true,"href":"https:\/\/linitiative.ca\/International\/wp-json\/wp\/v2\/users\/1740"}],"replies":[{"embeddable":true,"href":"https:\/\/linitiative.ca\/International\/wp-json\/wp\/v2\/comments?post=70893"}],"version-history":[{"count":0,"href":"https:\/\/linitiative.ca\/International\/wp-json\/wp\/v2\/posts\/70893\/revisions"}],"wp:attachment":[{"href":"https:\/\/linitiative.ca\/International\/wp-json\/wp\/v2\/media?parent=70893"}],"wp:term":[{"taxonomy":"category","embeddable":true,"href":"https:\/\/linitiative.ca\/International\/wp-json\/wp\/v2\/categories?post=70893"},{"taxonomy":"post_tag","embeddable":true,"href":"https:\/\/linitiative.ca\/International\/wp-json\/wp\/v2\/tags?post=70893"}],"curies":[{"name":"wp","href":"https:\/\/api.w.org\/{rel}","templated":true}]}}