{"id":70899,"date":"2019-12-21T04:31:16","date_gmt":"2019-12-21T09:31:16","guid":{"rendered":"https:\/\/linitiative.ca\/International\/bouaida-une-nouvelle-etape-de-developpement-du-maroc\/"},"modified":"2019-12-21T04:31:16","modified_gmt":"2019-12-21T09:31:16","slug":"bouaida-une-nouvelle-etape-de-developpement-du-maroc","status":"publish","type":"post","link":"https:\/\/linitiative.ca\/International\/bouaida-une-nouvelle-etape-de-developpement-du-maroc\/","title":{"rendered":"Bouaida : \u00ab\u00a0Une nouvelle \u00e9tape de d\u00e9veloppement du Maroc\u00a0\u00bb"},"content":{"rendered":"<p><strong>La r\u00e9gionalisation avanc\u00e9e est un chantier royal et son succ\u00e8s est une responsabilit\u00e9 partag\u00e9e entre les corps \u00e9lus, les partis politiques et les institutions de l\u2019Etat, a affirm\u00e9 la pr\u00e9sidente de la r\u00e9gion de Guelmim-Oued Noun, Mbarka Bouaida.<\/strong><\/p>\n<div class=\"c10\"\/>\n<p>SM le Roi Mohammed VI accorde un int\u00e9r\u00eat particulier \u00e0 ce <strong>chantier strat\u00e9gique<\/strong> qui doit \u00eatre rapidement mis en oeuvre, a indiqu\u00e9 Bouaida ajoutant que le message royal adress\u00e9 aux participants aux premi\u00e8res assises nationales de la r\u00e9gionalisation avanc\u00e9e \u00e0 Agadir, qui visent \u00e0 faire le suivi et l\u2019\u00e9valuation de la r\u00e9gionalisation, a mis l\u2019accent avec clart\u00e9 sur l\u2019importance de la r\u00e9gionalisation, sa philosophie et la n\u00e9cessit\u00e9 de sa mise en oeuvre. \u00ab\u00a0C\u2019est un projet de soci\u00e9t\u00e9 pour le d\u00e9veloppement de toutes les r\u00e9gions du Royaume\u00a0\u00bb, a-t-elle soulign\u00e9.<\/p>\n<div class=\"wp-block-embed__wrapper\"><iframe loading=\"lazy\" title=\"Service E-DOCUMENTS - Chaabi Net\" width=\"1140\" height=\"641\" src=\"https:\/\/www.youtube.com\/embed\/O7u5wl98Qos?feature=oembed\" frameborder=\"0\" allow=\"accelerometer; autoplay; encrypted-media; gyroscope; picture-in-picture\" allowfullscreen=\"\">[embedded content]<\/iframe><\/div>\n<p>Apr\u00e8s avoir rappel\u00e9 les \u00e9tapes de d\u00e9veloppement franchies par la r\u00e9gionalisation au Maroc, \u00e0 la lumi\u00e8re des dispositions de la Constitution de 2011 et la loi organique 111.14 relative \u00e0 l\u2019organisation des r\u00e9gions, a relev\u00e9 que l\u2019application saine de cette charte permettra une mise en oeuvre rapide de la r\u00e9gionalisation.<\/p>\n<p>Bouaida a fait savoir que la r\u00e9ussite et l\u2019application saine de la r\u00e9gionalisation avanc\u00e9e impliquent une d\u00e9finition pr\u00e9cise des attributions des r\u00e9gions, le financement de ses projets ainsi que la mise en place de ses structures administratives et le renforcement de ses ressources humaines pour l\u2019accompagnement de l\u2019action r\u00e9gionale.<\/p>\n<p>Lire aussi : <a href=\"https:\/\/www.challenge.ma\/agadir-le-message-de-sa-majeste-le-roi-aux-participants-aux-premieres-assises-nationales-126196\/\">Agadir : Le message de Sa Majest\u00e9 le Roi aux participants aux 1\u00e8res Assises nationales sur la r\u00e9gionalisation avanc\u00e9e<\/a><\/p>\n<p>Concernant la r\u00e9gion de <strong>Guelmim-Oued Noun<\/strong> qu\u2019elle pr\u00e9side, elle a mis en relief les projets structurants qui y ont \u00e9t\u00e9 lanc\u00e9s et qui s\u2019inscrivent dans le cadre de la r\u00e9gionalisation avanc\u00e9e, dont la voie express Tinzit-La\u00e2youne et qui reliera non seulement la r\u00e9gion de Guelmim-Oued Noun aux provinces du Sud mais aussi le Maroc \u00e0 l\u2019Afrique. Elle a \u00e9galement rappel\u00e9 les autres grands chantiers en cours de r\u00e9alisation dans la r\u00e9gion, notamment l\u2019h\u00f4pital r\u00e9gional, la facult\u00e9 d\u2019\u00e9conomie ainsi que les projets du tourisme rural. Et d\u2019ajouter que l\u2019ouverture de l\u2019<strong>a\u00e9roport de Guelmim<\/strong> permettra de relier cette r\u00e9gion aux grandes villes du Royaume et d\u2019autres pays \u00e9trangers et facilitera le d\u00e9placement des citoyens originaires de cette r\u00e9gion et vivant dans ces pays.<\/p>\n<p>Bouaida a assur\u00e9 que le nouveau projet de d\u00e9veloppement va poser les jalons d\u2019une nouvelle \u00e9tape de d\u00e9veloppement au Maroc.<\/p>\n<div class=\"c17\">\n<fieldset class=\"c16\">\n<legend><strong><span class=\"c11\">Challenge<\/span><span class=\"c12\">news<\/span><\/strong><\/legend>\n<div class=\"c15\">Le meilleur de Challenge s\u00e9lectionn\u00e9 par la r\u00e9daction :<\/p>\n<\/div>\n<\/fieldset>\n<\/div>\n<p>Auteur: challenge<br \/>\n<a href=\"https:\/\/www.challenge.ma\/bouaida-une-nouvelle-etape-de-developpement-du-maroc-126304\/\">Cliquez ici pour lire l&rsquo;article depuis sa source.<\/a><\/p>\n","protected":false},"excerpt":{"rendered":"<p>La r\u00e9gionalisation avanc\u00e9e est un chantier royal et son succ\u00e8s est une responsabilit\u00e9 partag\u00e9e entre les corps \u00e9lus, les partis politiques et les institutions de l\u2019Etat, a affirm\u00e9 la pr\u00e9sidente de la r\u00e9gion de Guelmim-Oued Noun, Mbarka Bouaida. SM le Roi Mohammed VI accorde un int\u00e9r\u00eat particulier \u00e0 ce chantier strat\u00e9gique qui doit \u00eatre rapidement [&hellip;]<\/p>\n","protected":false},"author":1787,"featured_media":0,"comment_status":"closed","ping_status":"closed","sticky":false,"template":"","format":"standard","meta":{"fifu_image_url":"","fifu_image_alt":"","footnotes":""},"categories":[78,54],"tags":[],"class_list":["post-70899","post","type-post","status-publish","format-standard","hentry","category-economie","category-maroc"],"_links":{"self":[{"href":"https:\/\/linitiative.ca\/International\/wp-json\/wp\/v2\/posts\/70899","targetHints":{"allow":["GET"]}}],"collection":[{"href":"https:\/\/linitiative.ca\/International\/wp-json\/wp\/v2\/posts"}],"about":[{"href":"https:\/\/linitiative.ca\/International\/wp-json\/wp\/v2\/types\/post"}],"author":[{"embeddable":true,"href":"https:\/\/linitiative.ca\/International\/wp-json\/wp\/v2\/users\/1787"}],"replies":[{"embeddable":true,"href":"https:\/\/linitiative.ca\/International\/wp-json\/wp\/v2\/comments?post=70899"}],"version-history":[{"count":0,"href":"https:\/\/linitiative.ca\/International\/wp-json\/wp\/v2\/posts\/70899\/revisions"}],"wp:attachment":[{"href":"https:\/\/linitiative.ca\/International\/wp-json\/wp\/v2\/media?parent=70899"}],"wp:term":[{"taxonomy":"category","embeddable":true,"href":"https:\/\/linitiative.ca\/International\/wp-json\/wp\/v2\/categories?post=70899"},{"taxonomy":"post_tag","embeddable":true,"href":"https:\/\/linitiative.ca\/International\/wp-json\/wp\/v2\/tags?post=70899"}],"curies":[{"name":"wp","href":"https:\/\/api.w.org\/{rel}","templated":true}]}}