{"id":70900,"date":"2019-12-21T06:05:55","date_gmt":"2019-12-21T11:05:55","guid":{"rendered":"https:\/\/linitiative.ca\/International\/la-charte-nationale-de-la-deconcentration-administrative-dix-points-importants\/"},"modified":"2019-12-21T06:05:55","modified_gmt":"2019-12-21T11:05:55","slug":"la-charte-nationale-de-la-deconcentration-administrative-dix-points-importants","status":"publish","type":"post","link":"https:\/\/linitiative.ca\/International\/la-charte-nationale-de-la-deconcentration-administrative-dix-points-importants\/","title":{"rendered":"La Charte Nationale de la D\u00e9concentration Administrative : dix points importants"},"content":{"rendered":"<p><strong>Voici dix points importants de la Charte Nationale de la D\u00e9concentration Administrative, pierre angulaire de la r\u00e9gionalisation avanc\u00e9e, objet des premi\u00e8res Assises Nationales, dont les travaux se sont ouverts, vendredi \u00e0 Agadir.<\/strong><\/p>\n<div class=\"c10\"\/>\n<p>1- La d\u00e9concentration administrative des services de l\u2019Etat est un syst\u00e8me d\u2019organisation administrative accompagnant l\u2019organisation territoriale d\u00e9centralis\u00e9e du Royaume fond\u00e9e sur la r\u00e9gionalisation avanc\u00e9e et un outil principal pour la mise en \u0153uvre de la politique g\u00e9n\u00e9rale de l\u2019Etat au niveau territorial.<\/p>\n<p>2- Elle repose sur le transfert de comp\u00e9tences et de moyens et l\u2019allocation de cr\u00e9dits aux services d\u00e9concentr\u00e9s au niveau territorial, en vue de leur permettre d\u2019accomplir les missions qui leur sont d\u00e9volues et de prendre l\u2019initiative dans un objectif d\u2019efficacit\u00e9 et d\u2019efficience.<\/p>\n<p>3- La politique de d\u00e9concentration administrative est bas\u00e9e sur deux principaux fondements: la r\u00e9gion en tant qu\u2019espace territorial appropri\u00e9 pour la concr\u00e9tisation de la politique nationale de d\u00e9concentration administrative et le r\u00f4le central du wali de la r\u00e9gion, en sa qualit\u00e9 de repr\u00e9sentant du pouvoir central au niveau r\u00e9gional, dans la coordination des activit\u00e9s des services d\u00e9concentr\u00e9s.<\/p>\n<div class=\"wp-block-embed__wrapper\"><iframe loading=\"lazy\" title=\"\u0627\u0644\u0645\u0642\u0627\u0648\u0644 \u0627\u0644\u0630\u0627\u062a\u064a \u0644\u0644\u0628\u0646\u0643 \u0627\u0644\u0634\u0639\u0628\u064a - \u0627\u0644\u0643\u0647\u0631\u0628\u0627\u0626\u064a\" width=\"1140\" height=\"641\" src=\"https:\/\/www.youtube.com\/embed\/3PXkLbmgoT8?feature=oembed\" frameborder=\"0\" allow=\"accelerometer; autoplay; encrypted-media; gyroscope; picture-in-picture\" allowfullscreen=\"\">[embedded content]<\/iframe><\/div>\n<p>4- La d\u00e9concentration administrative des services de l\u2019Etat a pour objectifs d\u2019assurer l\u2019application optimale des orientations g\u00e9n\u00e9rales de la politique de l\u2019Etat en mati\u00e8re de r\u00e9organisation de ses services aux niveaux r\u00e9gional, pr\u00e9fectoral ou provincial et fixer les missions d\u00e9volues \u00e0 ces services, d\u2019asseoir la territorialisation des politiques publiques, d\u2019accompagner l\u2019organisation territoriale d\u00e9centralis\u00e9e du Royaume et en assurer l\u2019efficience et l\u2019efficacit\u00e9 et d\u2019\u00e9tablir des bases solides et durables en vue de renforcer la compl\u00e9mentarit\u00e9 des fonctions et des missions entre les services d\u00e9concentr\u00e9s de l\u2019Etat et les organismes d\u00e9centralis\u00e9s.<\/p>\n<p>5- La d\u00e9concentration administrative des services de l\u2019Etat, aux niveaux r\u00e9gional, pr\u00e9fectoral ou provincial, est bas\u00e9e sur une s\u00e9rie de m\u00e9canismes, dont la couverture \u00e9quitable du territoire national en assurant une juste r\u00e9partition g\u00e9ographique des services d\u00e9concentr\u00e9s de l\u2019Etat, la subsidiarit\u00e9 dans la r\u00e9partition des missions et la d\u00e9termination des attributions entre les administrations centrales et les services d\u00e9concentr\u00e9s qui en rel\u00e8vent et la position pr\u00e9\u00e9minente de la r\u00e9gion dans l\u2019organisation administrative territoriale en tant qu\u2019\u00e9chelon interm\u00e9diaire dans l\u2019organisation des relations entre le niveau central et les autres niveaux territoriaux.<\/p>\n<p>6- Les services d\u00e9concentr\u00e9s de l\u2019Etat au niveau r\u00e9gional veillent \u00e0 la gestion des services publics r\u00e9gionaux relevant de l\u2019Etat, mettent en \u0153uvre les politiques publiques et concourent \u00e0 l\u2019\u00e9laboration et \u00e0 l\u2019ex\u00e9cution des programmes et projets publics programm\u00e9s au niveau de la r\u00e9gion.<\/p>\n<p>7- Les autorit\u00e9s gouvernementales concern\u00e9es doivent prendre les mesures n\u00e9cessaires afin de doter les services d\u00e9concentr\u00e9s qui leur sont rattach\u00e9s de pr\u00e9rogatives leur permettant de prendre l\u2019initiative pour mettre en \u0153uvre les politiques publiques sectorielles dont ils ont la charge, de concevoir les solutions susceptibles d\u2019am\u00e9liorer les prestations publiques rendues par lesdits services aux usagers et de les mettre en \u0153uvre dans le cadre des attributions et des comp\u00e9tences qui leur sont d\u00e9volues.<\/p>\n<p>8- Les autorit\u00e9s gouvernementales \u00e9tablissent, dans la limite de leurs attributions, des programmes de formation et de formation continue pour le d\u00e9veloppement des capacit\u00e9s des cadres en fonction dans les services d\u00e9concentr\u00e9s aux niveaux r\u00e9gional, pr\u00e9fectoral ou provincial.<\/p>\n<p>9- Les services d\u00e9concentr\u00e9s sont tenus de coop\u00e9rer avec le Centre r\u00e9gional d\u2019investissement concern\u00e9 en tant que guichet unique et d\u2019entreprendre toute action de coordination n\u00e9cessaire avec lui, en vue de lui permettre d\u2019accomplir ses missions.<\/p>\n<p>10- Pour la r\u00e9alisation des objectifs pr\u00e9vus, le gouvernement \u0153uvre, chaque fois que n\u00e9cessaire, \u00e0 prendre toutes les mesures requises pour la r\u00e9vision des textes l\u00e9gislatifs et r\u00e9glementaires en vigueur, notamment ceux se rapportant \u00e0 l\u2019organisation des finances de l\u2019Etat, \u00e0 la comptabilit\u00e9 publique, au contr\u00f4le des d\u00e9penses de l\u2019Etat, \u00e0 l\u2019organisation et aux attributions des d\u00e9partements minist\u00e9riels, aux r\u00e8gles de d\u00e9l\u00e9gation, \u00e0 la fonction publique et \u00e0 la nomination aux postes de responsabilit\u00e9.<\/p>\n<div class=\"c17\">\n<fieldset class=\"c16\">\n<legend><strong><span class=\"c11\">Challenge<\/span><span class=\"c12\">news<\/span><\/strong><\/legend>\n<div class=\"c15\">Le meilleur de Challenge s\u00e9lectionn\u00e9 par la r\u00e9daction :<\/p>\n<\/div>\n<\/fieldset>\n<\/div>\n<p>Auteur: challenge<br \/>\n<a href=\"https:\/\/www.challenge.ma\/la-charte-nationale-de-la-deconcentration-administrative-dix-points-importants-126312\/\">Cliquez ici pour lire l&rsquo;article depuis sa source.<\/a><\/p>\n","protected":false},"excerpt":{"rendered":"<p>Voici dix points importants de la Charte Nationale de la D\u00e9concentration Administrative, pierre angulaire de la r\u00e9gionalisation avanc\u00e9e, objet des premi\u00e8res Assises Nationales, dont les travaux se sont ouverts, vendredi \u00e0 Agadir. 1- La d\u00e9concentration administrative des services de l\u2019Etat est un syst\u00e8me d\u2019organisation administrative accompagnant l\u2019organisation territoriale d\u00e9centralis\u00e9e du Royaume fond\u00e9e sur la r\u00e9gionalisation [&hellip;]<\/p>\n","protected":false},"author":1787,"featured_media":0,"comment_status":"closed","ping_status":"closed","sticky":false,"template":"","format":"standard","meta":{"fifu_image_url":"","fifu_image_alt":"","footnotes":""},"categories":[78,54],"tags":[],"class_list":["post-70900","post","type-post","status-publish","format-standard","hentry","category-economie","category-maroc"],"_links":{"self":[{"href":"https:\/\/linitiative.ca\/International\/wp-json\/wp\/v2\/posts\/70900","targetHints":{"allow":["GET"]}}],"collection":[{"href":"https:\/\/linitiative.ca\/International\/wp-json\/wp\/v2\/posts"}],"about":[{"href":"https:\/\/linitiative.ca\/International\/wp-json\/wp\/v2\/types\/post"}],"author":[{"embeddable":true,"href":"https:\/\/linitiative.ca\/International\/wp-json\/wp\/v2\/users\/1787"}],"replies":[{"embeddable":true,"href":"https:\/\/linitiative.ca\/International\/wp-json\/wp\/v2\/comments?post=70900"}],"version-history":[{"count":0,"href":"https:\/\/linitiative.ca\/International\/wp-json\/wp\/v2\/posts\/70900\/revisions"}],"wp:attachment":[{"href":"https:\/\/linitiative.ca\/International\/wp-json\/wp\/v2\/media?parent=70900"}],"wp:term":[{"taxonomy":"category","embeddable":true,"href":"https:\/\/linitiative.ca\/International\/wp-json\/wp\/v2\/categories?post=70900"},{"taxonomy":"post_tag","embeddable":true,"href":"https:\/\/linitiative.ca\/International\/wp-json\/wp\/v2\/tags?post=70900"}],"curies":[{"name":"wp","href":"https:\/\/api.w.org\/{rel}","templated":true}]}}