{"id":70901,"date":"2019-12-21T08:32:46","date_gmt":"2019-12-21T13:32:46","guid":{"rendered":"https:\/\/linitiative.ca\/International\/feu-badreddine-senoussi-un-souvenir-imperissable\/"},"modified":"2019-12-21T08:32:46","modified_gmt":"2019-12-21T13:32:46","slug":"feu-badreddine-senoussi-un-souvenir-imperissable","status":"publish","type":"post","link":"https:\/\/linitiative.ca\/International\/feu-badreddine-senoussi-un-souvenir-imperissable\/","title":{"rendered":"Feu Badreddine Senoussi : un souvenir imp\u00e9rissable"},"content":{"rendered":"<p>C\u2019\u00e9tait un soir de juillet 1970 et \u00e0 Bellevue, le ministre de la Jeunesse et des Sports de l\u2019\u00e9poque, recevait en cet endroit sportif qui \u00e9tait le centre de formation et d\u2019h\u00e9bergement des sportifs marocains. Le ministre recevait donc l\u2019\u00e9quipe nationale de la Coupe du Monde 1970. Les Slimani, Bamous, Allal et Houmane, disparus d\u00e9sormais, \u00e9taient l\u00e0 avec tous leurs co\u00e9quipiers pour \u00eatre honor\u00e9s par l\u2019ensemble de la famille sportive marocaine.<\/p>\n<div class=\"c10\"\/>\n<p>Badreddine Senoussi, nomm\u00e9 ministre de la Jeunesse et des Sports apr\u00e8s avoir g\u00e9r\u00e9 le portefeuille des PTT, n\u2019y restera pas longtemps, mais cet homme qui occupa toutes sortes de hautes fonctions a laiss\u00e9 un souvenir imp\u00e9rissable \u00e0 ceux qui ont eu la chance de le connaitre quand il eut \u00e0 s\u2019occuper des affaires du sport et du football. En 1971, il pr\u00e9sida une hom\u00e9rique assembl\u00e9e g\u00e9n\u00e9rale de la FRMF, o\u00f9 les d\u00e9bats furent de haute vol\u00e9e. C\u2019\u00e9tait une p\u00e9riode o\u00f9 tous, boost\u00e9s par la prestation des Marocains en Coupe du Monde mexicaine, parlaient et r\u00eavaient de foot professionnel. Badreddine Senoussi s\u2019en fit m\u00eame l\u2019un des h\u00e9ros avec tant d\u2019autres acteurs du foot\u2026sans succ\u00e8s, h\u00e9las !<\/p>\n<p>Il y a moins de deux mois, j\u2019ai eu l\u2019opportunit\u00e9 de rencontrer par le plus grand des hasards Badreddine Senoussi, dans une \u00e9choppe d\u2019\u00e9lectronique \u00e0 la Joutiya de Rabat, \u00e0 Bab El Had. On bavarda \u00e0 propos du bon vieux temps. Senoussi, avec son sourire \u00e9tincelant, eut un soupir \u00abAh ! c\u2019est d\u00e9j\u00e0 loin tout \u00e7a \u00bb.<\/p>\n<p>Badreddine Senoussi nous a quitt\u00e9s derni\u00e8rement et il est de notre devoir de pr\u00e9senter ici \u00e0 sa famille nos plus sinc\u00e8res condol\u00e9ances et de rappeler au souvenir de ceux qui auraient oubli\u00e9 cet homme raffin\u00e9 et \u00e9l\u00e9gant qui, un jour, \u00e0 travers\u00e9 la sph\u00e8re sportive.<\/p>\n<div class=\"c17\">\n<fieldset class=\"c16\">\n<legend><strong><span class=\"c11\">Challenge<\/span><span class=\"c12\">news<\/span><\/strong><\/legend>\n<div class=\"c15\">Le meilleur de Challenge s\u00e9lectionn\u00e9 par la r\u00e9daction :<\/p>\n<\/div>\n<\/fieldset>\n<\/div>\n<p>Auteur: Najib Salmi<br \/>\n<a href=\"https:\/\/www.challenge.ma\/feu-badreddine-senoussi-un-souvenir-imperissable-126295\/\">Cliquez ici pour lire l&rsquo;article depuis sa source.<\/a><\/p>\n","protected":false},"excerpt":{"rendered":"<p>C\u2019\u00e9tait un soir de juillet 1970 et \u00e0 Bellevue, le ministre de la Jeunesse et des Sports de l\u2019\u00e9poque, recevait en cet endroit sportif qui \u00e9tait le centre de formation et d\u2019h\u00e9bergement des sportifs marocains. Le ministre recevait donc l\u2019\u00e9quipe nationale de la Coupe du Monde 1970. Les Slimani, Bamous, Allal et Houmane, disparus d\u00e9sormais, [&hellip;]<\/p>\n","protected":false},"author":1787,"featured_media":0,"comment_status":"closed","ping_status":"closed","sticky":false,"template":"","format":"standard","meta":{"fifu_image_url":"","fifu_image_alt":"","footnotes":""},"categories":[78,54],"tags":[],"class_list":["post-70901","post","type-post","status-publish","format-standard","hentry","category-economie","category-maroc"],"_links":{"self":[{"href":"https:\/\/linitiative.ca\/International\/wp-json\/wp\/v2\/posts\/70901","targetHints":{"allow":["GET"]}}],"collection":[{"href":"https:\/\/linitiative.ca\/International\/wp-json\/wp\/v2\/posts"}],"about":[{"href":"https:\/\/linitiative.ca\/International\/wp-json\/wp\/v2\/types\/post"}],"author":[{"embeddable":true,"href":"https:\/\/linitiative.ca\/International\/wp-json\/wp\/v2\/users\/1787"}],"replies":[{"embeddable":true,"href":"https:\/\/linitiative.ca\/International\/wp-json\/wp\/v2\/comments?post=70901"}],"version-history":[{"count":0,"href":"https:\/\/linitiative.ca\/International\/wp-json\/wp\/v2\/posts\/70901\/revisions"}],"wp:attachment":[{"href":"https:\/\/linitiative.ca\/International\/wp-json\/wp\/v2\/media?parent=70901"}],"wp:term":[{"taxonomy":"category","embeddable":true,"href":"https:\/\/linitiative.ca\/International\/wp-json\/wp\/v2\/categories?post=70901"},{"taxonomy":"post_tag","embeddable":true,"href":"https:\/\/linitiative.ca\/International\/wp-json\/wp\/v2\/tags?post=70901"}],"curies":[{"name":"wp","href":"https:\/\/api.w.org\/{rel}","templated":true}]}}