{"id":70908,"date":"2019-12-21T16:02:48","date_gmt":"2019-12-21T21:02:48","guid":{"rendered":"https:\/\/linitiative.ca\/International\/tunisie-habib-jemli-sur-un-nuage-semble-deconnecte-de-la-realite\/"},"modified":"2019-12-21T16:02:48","modified_gmt":"2019-12-21T21:02:48","slug":"tunisie-habib-jemli-sur-un-nuage-semble-deconnecte-de-la-realite","status":"publish","type":"post","link":"https:\/\/linitiative.ca\/International\/tunisie-habib-jemli-sur-un-nuage-semble-deconnecte-de-la-realite\/","title":{"rendered":"Tunisie \u2013 Habib Jemli sur un nuage semble d\u00e9connect\u00e9 de la r\u00e9alit\u00e9"},"content":{"rendered":"<div class=\"post-cont-in left relative\">\n<div class=\"swp_social_panel swp_horizontal_panel swp_flat_fresh swp_default_full_color swp_individual_full_color swp_other_full_color scale-100 scale-\" data-min-width=\"1100\" data-float-color=\"#ffffff\" data-float=\"none\" data-float-mobile=\"none\" data-transition=\"slide\">\n<div class=\"nc_tweetContainer swp_share_button total_shares total_sharesalt\"><span class=\"swp_count\">20 <span class=\"swp_label\">Partages<\/span><\/span><\/div>\n<\/div>\n<p>Le chef du gouvernement, <a href=\"https:\/\/www.tunisienumerique.com\/tunisie-actualite\/habib-jemli\/\" title=\"Habib Jemli\" target=\"_top\" class=\"auto-link\" rel=\"noopener noreferrer\">Habib Jemli<\/a> semble d\u00e9connect\u00e9 de la r\u00e9alit\u00e9, ou alors,il est dans le d\u00e9ni de\u00a0la r\u00e9alit\u00e9 et annonce ce qu\u2019il a envie de croire.<\/p>\n<div class=\"code-block code-block-1 c3\"><ins class=\"adsbygoogle c2\" data-ad-layout=\"in-article\" data-ad-format=\"fluid\" data-ad-client=\"ca-pub-2102118777505746\" data-ad-slot=\"7301775417\"\/> <\/div>\n<p>En effet,\u00a0 bien apr\u00e8s que Seifeddine Makhlouf ait annonc\u00e9 aux m\u00e9dias que la coalitionAl Karama ne fera pas partie du gouvernement de Habib Jemli et qu\u2019elle ne lui accordera pas la confiance \u00e0 l\u2019ARP,\u00a0 voil\u00e0que le chef du gouvernement, publie sur sa page officielle sur Facebook, des images de l\u2019entretien qu\u2019il a eu avec les repr\u00e9sentants de la coalition, en laissant croire, dans le commentaire l\u2019accompagnant qu\u2019il a discut\u00e9 avec eux de fa\u00e7on positive, concernant la formation du gouvernement et omettant de dire qu\u2019ils lui ont oppos\u00e9 une fin de non-recevoir.<\/p>\n<p><img loading=\"lazy\" decoding=\"async\" class=\"aligncenter size-full wp-image-483799\" src=\"https:\/\/www.tunisienumerique.com\/wp-content\/uploads\/2019\/12\/coalition.jpg\" alt=\"\" width=\"501\" height=\"436\"\/><\/p>\n<p><strong>Que se passe-t-il en Tunisie?<\/strong><br \/>Nous expliquons sur notre <a href=\"https:\/\/www.youtube.com\/channel\/UCRzypVq0B_yBad5eGrwBx0Q?sub_confirmation=1\" target=\"_blank\" rel=\"noopener noreferrer\">cha\u00eene YouTube<\/a> . <a href=\"https:\/\/www.youtube.com\/channel\/UCRzypVq0B_yBad5eGrwBx0Q?sub_confirmation=1\" target=\"_blank\" rel=\"noopener noreferrer\">Abonnez-vous!<\/a><\/p>\n<div class=\"mvp-org-wrap mvp-org-logo\" itemprop=\"publisher\" itemscope=\"\" itemtype=\"https:\/\/schema.org\/Organization\"><img decoding=\"async\" src=\"https:\/\/www.tunisienumerique.com\/wp-content\/uploads\/2017\/02\/logo_tunisie_numerique.png\"\/><\/div>\n<div class=\"swp_social_panel swp_horizontal_panel swp_flat_fresh swp_default_full_color swp_individual_full_color swp_other_full_color scale-100 scale-\" data-min-width=\"1100\" data-float-color=\"#ffffff\" data-float=\"none\" data-float-mobile=\"none\" data-transition=\"slide\">\n<div class=\"nc_tweetContainer swp_share_button total_shares total_sharesalt\"><span class=\"swp_count\">20 <span class=\"swp_label\">Partages<\/span><\/span><\/div>\n<\/div>\n<div class=\"mvp-related-posts left relative\">\n<h4 class=\"post-header\"><span class=\"post-header\">Lire aussi<\/span><\/h4>\n<\/div>\n<\/div>\n<p>Auteur: LM<br \/>\n<a href=\"https:\/\/www.tunisienumerique.com\/tunisie-habib-jemli-sur-un-nuage-semble-deconnecte-de-la-realite\/\">Cliquez ici pour lire l&rsquo;article depuis sa source.<\/a><\/p>\n","protected":false},"excerpt":{"rendered":"<p>20 Partages Le chef du gouvernement, Habib Jemli semble d\u00e9connect\u00e9 de la r\u00e9alit\u00e9, ou alors,il est dans le d\u00e9ni de\u00a0la r\u00e9alit\u00e9 et annonce ce qu\u2019il a envie de croire. En effet,\u00a0 bien apr\u00e8s que Seifeddine Makhlouf ait annonc\u00e9 aux m\u00e9dias que la coalitionAl Karama ne fera pas partie du gouvernement de Habib Jemli et qu\u2019elle [&hellip;]<\/p>\n","protected":false},"author":1789,"featured_media":70909,"comment_status":"closed","ping_status":"closed","sticky":false,"template":"","format":"standard","meta":{"fifu_image_url":"","fifu_image_alt":"","footnotes":""},"categories":[73,55],"tags":[],"class_list":["post-70908","post","type-post","status-publish","format-standard","has-post-thumbnail","hentry","category-actualite","category-tunisie"],"_links":{"self":[{"href":"https:\/\/linitiative.ca\/International\/wp-json\/wp\/v2\/posts\/70908","targetHints":{"allow":["GET"]}}],"collection":[{"href":"https:\/\/linitiative.ca\/International\/wp-json\/wp\/v2\/posts"}],"about":[{"href":"https:\/\/linitiative.ca\/International\/wp-json\/wp\/v2\/types\/post"}],"author":[{"embeddable":true,"href":"https:\/\/linitiative.ca\/International\/wp-json\/wp\/v2\/users\/1789"}],"replies":[{"embeddable":true,"href":"https:\/\/linitiative.ca\/International\/wp-json\/wp\/v2\/comments?post=70908"}],"version-history":[{"count":0,"href":"https:\/\/linitiative.ca\/International\/wp-json\/wp\/v2\/posts\/70908\/revisions"}],"wp:featuredmedia":[{"embeddable":true,"href":"https:\/\/linitiative.ca\/International\/wp-json\/"}],"wp:attachment":[{"href":"https:\/\/linitiative.ca\/International\/wp-json\/wp\/v2\/media?parent=70908"}],"wp:term":[{"taxonomy":"category","embeddable":true,"href":"https:\/\/linitiative.ca\/International\/wp-json\/wp\/v2\/categories?post=70908"},{"taxonomy":"post_tag","embeddable":true,"href":"https:\/\/linitiative.ca\/International\/wp-json\/wp\/v2\/tags?post=70908"}],"curies":[{"name":"wp","href":"https:\/\/api.w.org\/{rel}","templated":true}]}}