{"id":70912,"date":"2019-12-21T12:18:06","date_gmt":"2019-12-21T17:18:06","guid":{"rendered":"https:\/\/linitiative.ca\/International\/lafd-signe-3-nouveaux-projets-pour-accelerer-la-revolution-de-lentrepreneuriat-en-cote-divoire\/"},"modified":"2019-12-21T12:18:06","modified_gmt":"2019-12-21T17:18:06","slug":"lafd-signe-3-nouveaux-projets-pour-accelerer-la-revolution-de-lentrepreneuriat-en-cote-divoire","status":"publish","type":"post","link":"https:\/\/linitiative.ca\/International\/lafd-signe-3-nouveaux-projets-pour-accelerer-la-revolution-de-lentrepreneuriat-en-cote-divoire\/","title":{"rendered":"L\u2019AFD signe 3 nouveaux projets pour acc\u00e9l\u00e9rer la r\u00e9volution de l\u2019entrepreneuriat en C\u00f4te d\u2019Ivoire"},"content":{"rendered":"<div readability=\"32\">\n<p>Publi\u00e9 le 21.12.2019 \u00e0 18h18 par APA News<\/p>\n<\/div>\n<div readability=\"112\">\n<p>Le Groupe Agence Fran\u00e7aise de d\u00e9veloppement (AFD) a proc\u00e9d\u00e9 avec des institutions bancaires ivoiriennes \u00e0 la signature de trois nouveaux projets en C\u00f4te d\u2019Ivoire visant l\u2019acc\u00e9l\u00e9ration de la r\u00e9volution de l\u2019entrepreneuriat dans le pays, a appris APA, samedi, de source officielle dans la capitale \u00e9conomique ivoirienne.Ces accords \u00a0ont \u00e9t\u00e9 sign\u00e9s dans le cadre du d\u00e9ploiement de l\u2019initiative \u00abChoose Africa\u00bb en C\u00f4te d\u2019Ivoire, un programme initi\u00e9 par la France et mis en \u0153uvre par l\u2019AFD et sa filiale d\u00e9di\u00e9 au secteur priv\u00e9 \u00ab Proparco\u00bb qui a pour objectif d\u2019accompagner les Star-up, TPE (Tr\u00e8s petites entreprises) et PME (Petites et moyennes entreprises) en Afrique.<\/p>\n<p>L\u2019information a \u00e9t\u00e9 donn\u00e9e, samedi, \u00e0 l\u2019occasion d\u2019une rencontre pr\u00e9sid\u00e9e par le ministre fran\u00e7ais de l\u2019Economie et des finances, Bruno Le Maire et son homologue ivoirien charg\u00e9 de la promotion des PME, F\u00e9lix Anobl\u00e9, en marge de la visite officielle qu\u2019effectue le pr\u00e9sident fran\u00e7ais Emmanuel Macron en C\u00f4te d\u2019Ivoire.<\/p>\n<p>A travers le premier projet, Proparco confirme son soutien \u00e0 la strat\u00e9gie PME de la Soci\u00e9t\u00e9 G\u00e9n\u00e9rale C\u00f4te d\u2019Ivoire (SG CI) en octroyant une garantie de 15 millions d\u2019euros d\u00e9di\u00e9e \u00e0 un projet pilote qui permettra le d\u00e9veloppement d\u2019une offre de garantie sur des op\u00e9rations de court terme de trade finance.<\/p>\n<p>Quant aux deux autres projets d\u00e9nomm\u00e9s \u00ab SUNREF\u00bb, ils \u00a0ont \u00e9t\u00e9 sign\u00e9s avec les groupes bancaires NSIA pour un montant de 7,5 millions d\u2019euros et avec SG CI pour un montant de 10 millions d\u2019euros.<\/p>\n<p>\u00abSUNREF est une offre qui permet aux entreprises l\u2019acquisition d\u2019\u00e9quipements de meilleure qualit\u00e9, des \u00e9conomies de co\u00fbts, et une comp\u00e9titivit\u00e9 accrue. SUNREF offre \u00e9galement aux banques du Sud des conditions de partenariat privil\u00e9gi\u00e9es pour leur permettre de saisir les opportunit\u00e9s de la finance verte\u00bb, souligne le communiqu\u00e9 remis \u00e0 APA \u00e0 cette occasion. \u00a0<\/p>\n<p>Selon le texte, \u00a0l\u2019innovation de SUNREF repose sur la combinaison d\u2019une approche financi\u00e8re et d\u2019une approche technique de fa\u00e7on \u00e0 r\u00e9pondre \u00e0 la demande des banques partenaires et des porteurs de projet.<\/p>\n<p>\u00ab L\u2019approche financi\u00e8re consiste \u00e0 mettre \u00e0 la disposition des banques locales partenaires des pr\u00eats de long terme (lignes de cr\u00e9dit vertes). L\u2019approche technique vise \u00e0 soutenir et amplifier le march\u00e9 du financement des investissements verts, en accompagnant les banques dans le financement des projets \u00bb, pr\u00e9cise le communiqu\u00e9.<\/p>\n<p>Ces trois \u00a0projets qui s\u2019inscrivent dans le cadre de l\u2019initiative fran\u00e7aise \u00ab Choose Africa\u00bb, ont \u00e9t\u00e9 sign\u00e9s en marge de la visite officielle de 72 heures du pr\u00e9sident fran\u00e7ais Emmanuel Macron en C\u00f4te d\u2019Ivoire.\u00a0<\/p>\n<p>Depuis le lancement de \u00a0l\u2019initiative \u00ab Choose Africa\u00bb il y\u2019 a neuf mois, 1 milliard de financements ont \u00e9t\u00e9 engag\u00e9s pour financer les start-up, TPE et PME africaines, dont plus du tiers 370 millions d\u2019euros en Afrique de l\u2019ouest et environ 100 millions d\u2019euros \u00a0en C\u00f4te d\u2019Ivoire.<\/p>\n<p>D\u2019ici 2022, 2,5 milliards d\u2019euros seront consacr\u00e9s au financement et \u00e0 l\u2019accompagnement des entreprises africaines, 1 milliard sera investi en fonds propres dans des start-up, TPE et PME et 1,5 milliard d\u2019euros seront destin\u00e9s \u00e0 faciliter l\u2019acc\u00e8s au cr\u00e9dit des petites et moyennes entreprises via des institutions financi\u00e8res locales publiques ou priv\u00e9es (institutions de microfinance, banques, soci\u00e9t\u00e9s de leasing, etc.).<\/p>\n<p>Au total, ce sont pr\u00e8s de 10 000 entreprises africaines qui b\u00e9n\u00e9ficieront de \u00ab Choose Africa\u00bb, \u00a0dont 600 via des prises de participation.<\/p>\n<\/div>\n<p>Auteur: APA News<br \/>\n<a href=\"https:\/\/www.journalducameroun.com\/lafd-signe-3-nouveaux-projets-pour-accelerer-la-revolution-de-lentrepreneuriat-en-cote-divoire\/\">Cliquez ici pour lire l&rsquo;article depuis sa source.<\/a><\/p>\n","protected":false},"excerpt":{"rendered":"<p>Publi\u00e9 le 21.12.2019 \u00e0 18h18 par APA News Le Groupe Agence Fran\u00e7aise de d\u00e9veloppement (AFD) a proc\u00e9d\u00e9 avec des institutions bancaires ivoiriennes \u00e0 la signature de trois nouveaux projets en C\u00f4te d\u2019Ivoire visant l\u2019acc\u00e9l\u00e9ration de la r\u00e9volution de l\u2019entrepreneuriat dans le pays, a appris APA, samedi, de source officielle dans la capitale \u00e9conomique ivoirienne.Ces accords [&hellip;]<\/p>\n","protected":false},"author":1965,"featured_media":0,"comment_status":"closed","ping_status":"closed","sticky":false,"template":"","format":"standard","meta":{"fifu_image_url":"","fifu_image_alt":"","footnotes":""},"categories":[73,82],"tags":[],"class_list":["post-70912","post","type-post","status-publish","format-standard","hentry","category-actualite","category-cameroun"],"_links":{"self":[{"href":"https:\/\/linitiative.ca\/International\/wp-json\/wp\/v2\/posts\/70912","targetHints":{"allow":["GET"]}}],"collection":[{"href":"https:\/\/linitiative.ca\/International\/wp-json\/wp\/v2\/posts"}],"about":[{"href":"https:\/\/linitiative.ca\/International\/wp-json\/wp\/v2\/types\/post"}],"author":[{"embeddable":true,"href":"https:\/\/linitiative.ca\/International\/wp-json\/wp\/v2\/users\/1965"}],"replies":[{"embeddable":true,"href":"https:\/\/linitiative.ca\/International\/wp-json\/wp\/v2\/comments?post=70912"}],"version-history":[{"count":0,"href":"https:\/\/linitiative.ca\/International\/wp-json\/wp\/v2\/posts\/70912\/revisions"}],"wp:attachment":[{"href":"https:\/\/linitiative.ca\/International\/wp-json\/wp\/v2\/media?parent=70912"}],"wp:term":[{"taxonomy":"category","embeddable":true,"href":"https:\/\/linitiative.ca\/International\/wp-json\/wp\/v2\/categories?post=70912"},{"taxonomy":"post_tag","embeddable":true,"href":"https:\/\/linitiative.ca\/International\/wp-json\/wp\/v2\/tags?post=70912"}],"curies":[{"name":"wp","href":"https:\/\/api.w.org\/{rel}","templated":true}]}}