{"id":70914,"date":"2019-12-21T14:18:03","date_gmt":"2019-12-21T19:18:03","guid":{"rendered":"https:\/\/linitiative.ca\/International\/mali-33-terroristes-neutralises-a-mopti-par-la-force-barkhane-macron\/"},"modified":"2019-12-21T14:18:03","modified_gmt":"2019-12-21T19:18:03","slug":"mali-33-terroristes-neutralises-a-mopti-par-la-force-barkhane-macron","status":"publish","type":"post","link":"https:\/\/linitiative.ca\/International\/mali-33-terroristes-neutralises-a-mopti-par-la-force-barkhane-macron\/","title":{"rendered":"Mali: 33 terroristes neutralis\u00e9s \u00e0 Mopti par la force Barkhane, (Macron)"},"content":{"rendered":"<div readability=\"32\">\n<p>Publi\u00e9 le 21.12.2019 \u00e0 20h18 par APA News<\/p>\n<\/div>\n<div readability=\"76\">\n<p>Quelque 33 terroristes ont \u00e9t\u00e9 neutralis\u00e9s samedi matin dans la r\u00e9gion de Mopti au Centre du Mali, lors d\u2019une op\u00e9ration de la force fran\u00e7aise Barkhane qui a \u00e9galement lib\u00e9rer des gendarmes maliens jusque-l\u00e0 retenus en otage, a annonc\u00e9 le pr\u00e9sident Emmanuel Macron devant la communaut\u00e9 fran\u00e7aise en C\u00f4te d\u2019Ivoire o\u00f9 il effectue une visite officielle de 72 heures.\u00ab Cette lutte, nous la poursuivrons au Sahel et je sais combien de fois nos forces fran\u00e7aises positionn\u00e9es en C\u00f4te d\u2019Ivoire jouent un r\u00f4le important \u00bb a d\u00e9clar\u00e9 Emmanuel Macron, ajoutant \u00ab je veux ici, vous redire ma d\u00e9termination \u00e0 poursuivre ce combat \u00bb.<\/p>\n<p>\u00ab Nous avons eu des pertes, nous avons eu aussi des victoires. Ce matin gr\u00e2ce \u00e0 l\u2019engagement de nos soldats et de l\u2019op\u00e9ration Barkhane, nous avons pu neutraliser dans la r\u00e9gion de Mopti 33 terroristes, fait un prisonnier et lib\u00e9r\u00e9 des gendarmes maliens qui \u00e9taient jusqu\u2019alors pris en otage \u00bb, a-t-il annonc\u00e9, sans plus de d\u00e9tails.<\/p>\n<p>\u00ab Ce succ\u00e8s consid\u00e9rable \u00bb, \u00a0a conclu le pr\u00e9sident fran\u00e7ais, \u00ab c\u2019est l\u2019engagement de nos forces, c\u2019est le soutien que nous apportons au Mali, \u00e0 la r\u00e9gion, \u00e0 notre propre s\u00e9curit\u00e9 \u00bb.<\/p>\n<p>Peu apr\u00e8s son arriv\u00e9e vendredi soir \u00e0 Abidjan, \u00a0le chef de l\u2019Etat fran\u00e7ais Emmanuel Macron a dans un discours aux soldats fran\u00e7ais du 43\u1d49 bataillon d\u2019infanterie de marine (43\u00e8 BIMA) au camp militaire de Port-Bou\u00ebt dans le Sud d\u2019Abidjan, insist\u00e9 sur le r\u00f4le d\u2019appui de l\u2019arm\u00e9e \u00e0 la lutte internationale men\u00e9e dans le cadre de l\u2019op\u00e9ration Barkhane au Sahel.<\/p>\n<p>\u00ab Je souhaite que nous puissions donner une nouvelle profondeur, de nouveaux engagements, une nouvelle force \u00e0 cette op\u00e9ration pour gagner ce combat indispensable \u00e0 la stabilit\u00e9 et \u00e0 la s\u00e9curit\u00e9 du Sahel, plus largement de toute la r\u00e9gion et aussi de l\u2019Europe \u00bb, avait affirm\u00e9 M. Macron selon qui \u00ab si nous laissons prosp\u00e9rer la menace, elle nous touchera aussi. \u00bb<\/p>\n<\/div>\n<p>Auteur: APA News<br \/>\n<a href=\"https:\/\/www.journalducameroun.com\/mali-33-terroristes-neutralises-a-mopti-par-la-force-barkhane-macron\/\">Cliquez ici pour lire l&rsquo;article depuis sa source.<\/a><\/p>\n","protected":false},"excerpt":{"rendered":"<p>Publi\u00e9 le 21.12.2019 \u00e0 20h18 par APA News Quelque 33 terroristes ont \u00e9t\u00e9 neutralis\u00e9s samedi matin dans la r\u00e9gion de Mopti au Centre du Mali, lors d\u2019une op\u00e9ration de la force fran\u00e7aise Barkhane qui a \u00e9galement lib\u00e9rer des gendarmes maliens jusque-l\u00e0 retenus en otage, a annonc\u00e9 le pr\u00e9sident Emmanuel Macron devant la communaut\u00e9 fran\u00e7aise en [&hellip;]<\/p>\n","protected":false},"author":1965,"featured_media":0,"comment_status":"closed","ping_status":"closed","sticky":false,"template":"","format":"standard","meta":{"fifu_image_url":"","fifu_image_alt":"","footnotes":""},"categories":[73,82],"tags":[],"class_list":["post-70914","post","type-post","status-publish","format-standard","hentry","category-actualite","category-cameroun"],"_links":{"self":[{"href":"https:\/\/linitiative.ca\/International\/wp-json\/wp\/v2\/posts\/70914","targetHints":{"allow":["GET"]}}],"collection":[{"href":"https:\/\/linitiative.ca\/International\/wp-json\/wp\/v2\/posts"}],"about":[{"href":"https:\/\/linitiative.ca\/International\/wp-json\/wp\/v2\/types\/post"}],"author":[{"embeddable":true,"href":"https:\/\/linitiative.ca\/International\/wp-json\/wp\/v2\/users\/1965"}],"replies":[{"embeddable":true,"href":"https:\/\/linitiative.ca\/International\/wp-json\/wp\/v2\/comments?post=70914"}],"version-history":[{"count":0,"href":"https:\/\/linitiative.ca\/International\/wp-json\/wp\/v2\/posts\/70914\/revisions"}],"wp:attachment":[{"href":"https:\/\/linitiative.ca\/International\/wp-json\/wp\/v2\/media?parent=70914"}],"wp:term":[{"taxonomy":"category","embeddable":true,"href":"https:\/\/linitiative.ca\/International\/wp-json\/wp\/v2\/categories?post=70914"},{"taxonomy":"post_tag","embeddable":true,"href":"https:\/\/linitiative.ca\/International\/wp-json\/wp\/v2\/tags?post=70914"}],"curies":[{"name":"wp","href":"https:\/\/api.w.org\/{rel}","templated":true}]}}