{"id":70915,"date":"2019-12-21T15:18:04","date_gmt":"2019-12-21T20:18:04","guid":{"rendered":"https:\/\/linitiative.ca\/International\/brigitte-macron-emerveillee-par-lhopital-mere-enfant-de-bingerville\/"},"modified":"2019-12-21T15:18:04","modified_gmt":"2019-12-21T20:18:04","slug":"brigitte-macron-emerveillee-par-lhopital-mere-enfant-de-bingerville","status":"publish","type":"post","link":"https:\/\/linitiative.ca\/International\/brigitte-macron-emerveillee-par-lhopital-mere-enfant-de-bingerville\/","title":{"rendered":"Brigitte Macron \u00ab \u00e9merveill\u00e9e \u00bb par l\u2019h\u00f4pital m\u00e8re-enfant de Bingerville"},"content":{"rendered":"<div readability=\"32\">\n<p>Publi\u00e9 le 21.12.2019 \u00e0 21h18 par APA News<\/p>\n<\/div>\n<div readability=\"88\">\n<p>La premi\u00e8re dame de la France, Brigitte Macron a \u00e9t\u00e9 \u00ab \u00e9merveill\u00e9e \u00bb, samedi, par l\u2019h\u00f4pital m\u00e8re-enfant Dominique Ouattara de Bingerville (Banlieue Est d\u2019Abidjan) \u00e0 l\u2019issue d\u2019une visite dans les locaux de cet \u00e9tablissement sanitaire, a constat\u00e9 APA sur place.Aux c\u00f4t\u00e9s de son \u00e9poux, Emmanuel Macron pour une visite officielle de 72 heures en C\u00f4te d\u2019Ivoire, Brigitte Macron a visit\u00e9 les diff\u00e9rents services de l\u2019h\u00f4pital m\u00e8re-enfant Dominique Ouattara de Bingerville en compagnie de la premi\u00e8re dame de C\u00f4te d\u2019Ivoire, Dominique Ouattara dont l\u2019h\u00f4pital porte le nom.<\/p>\n<p>\u00ab Je suis tr\u00e8s \u00e9merveill\u00e9e. D\u2019abord on n\u2019a pas l\u2019impression d\u2019\u00eatre dans un h\u00f4pital. Ce n\u2019est pas un endroit anxiog\u00e8ne. C\u2019est un endroit lumineux. C\u2019est un endroit o\u00f9 tout est fait autour de la maman et de l\u2019enfant \u00bb, a d\u00e9clar\u00e9 Brigitte Macron, remerciant \u00ab Mme Ouattara d\u2019avoir initi\u00e9 un tel projet \u00bb.<\/p>\n<p>\u00ab Je suis assez \u00e9merveill\u00e9e de ce que j\u2019ai vu. J\u2019avais mis en concurrence avec un h\u00f4pital que j\u2019avais visit\u00e9 en Ferland, mais ici, c\u2019est aussi bien et magnifique \u00bb, a-t-elle poursuivi, relevant que \u00ab je suis beaucoup dans les h\u00f4pitaux en France et je me rends compte du travail accompli ici et \u00e0 quel point tout est fait autour de la maman avec son enfant \u00bb.<\/p>\n<p>A son tour, la premi\u00e8re dame de C\u00f4te d\u2019Ivoire a salu\u00e9 Mme Macron qui conna\u00eet tr\u00e8s bien le milieu des h\u00f4pitaux. \u00ab Je suis tr\u00e8s heureuse de recevoir non seulement la premi\u00e8re dame de France, mais \u00e9galement mon amie Brigitte puisque nous sommes \u00e9galement tr\u00e8s proches. Je suis heureuse d\u2019avoir son avis \u00bb, a dit Dominique Ouattara, pr\u00e9cisant que Mme Brigitte Macron est \u00a0\u00ab pr\u00e9sidente des h\u00f4pitaux de France \u00bb.<\/p>\n<p>\u00ab Donc savoir qu\u2019elle appr\u00e9cie mon h\u00f4pital, c\u2019est quelque chose qui me touche beaucoup \u00bb, s\u2019est f\u00e9licit\u00e9e Mme Ouattara.<\/p>\n<p>Ouvert au public depuis le 16 mars 2018, l\u2019H\u00f4pital m\u00e8re-enfant Dominique Ouattara de Bingerville (HME), ambitionne de contribuer \u00e0 la r\u00e9duction de la mortalit\u00e9 maternelle, n\u00e9onatale, infantile et juv\u00e9nile en am\u00e9liorant l\u2019offre de soins et la qualit\u00e9 des services de sant\u00e9 avec un personnel qualifi\u00e9 et un plateau technique de derni\u00e8re g\u00e9n\u00e9ration.<\/p>\n<p>Cet h\u00f4pital r\u00e9alis\u00e9 par la Fondation Children of Africa pr\u00e9sid\u00e9e par la Premi\u00e8re dame ivoirienne, Dominique Ouattara, \u00a0s\u2019\u00e9tend sur une parcelle de 4,9 hectares avec une surface b\u00e2tie de 16 300 m\u00b2. Il compte 475 employ\u00e9s avec \u00a0une capacit\u00e9 d\u2019accueil de 130 lits.<\/p>\n<\/div>\n<p>Auteur: APA News<br \/>\n<a href=\"https:\/\/www.journalducameroun.com\/brigitte-macron-emerveillee-par-lhopital-mere-enfant-de-bingerville\/\">Cliquez ici pour lire l&rsquo;article depuis sa source.<\/a><\/p>\n","protected":false},"excerpt":{"rendered":"<p>Publi\u00e9 le 21.12.2019 \u00e0 21h18 par APA News La premi\u00e8re dame de la France, Brigitte Macron a \u00e9t\u00e9 \u00ab \u00e9merveill\u00e9e \u00bb, samedi, par l\u2019h\u00f4pital m\u00e8re-enfant Dominique Ouattara de Bingerville (Banlieue Est d\u2019Abidjan) \u00e0 l\u2019issue d\u2019une visite dans les locaux de cet \u00e9tablissement sanitaire, a constat\u00e9 APA sur place.Aux c\u00f4t\u00e9s de son \u00e9poux, Emmanuel Macron pour [&hellip;]<\/p>\n","protected":false},"author":1965,"featured_media":0,"comment_status":"closed","ping_status":"closed","sticky":false,"template":"","format":"standard","meta":{"fifu_image_url":"","fifu_image_alt":"","footnotes":""},"categories":[73,82],"tags":[],"class_list":["post-70915","post","type-post","status-publish","format-standard","hentry","category-actualite","category-cameroun"],"_links":{"self":[{"href":"https:\/\/linitiative.ca\/International\/wp-json\/wp\/v2\/posts\/70915","targetHints":{"allow":["GET"]}}],"collection":[{"href":"https:\/\/linitiative.ca\/International\/wp-json\/wp\/v2\/posts"}],"about":[{"href":"https:\/\/linitiative.ca\/International\/wp-json\/wp\/v2\/types\/post"}],"author":[{"embeddable":true,"href":"https:\/\/linitiative.ca\/International\/wp-json\/wp\/v2\/users\/1965"}],"replies":[{"embeddable":true,"href":"https:\/\/linitiative.ca\/International\/wp-json\/wp\/v2\/comments?post=70915"}],"version-history":[{"count":0,"href":"https:\/\/linitiative.ca\/International\/wp-json\/wp\/v2\/posts\/70915\/revisions"}],"wp:attachment":[{"href":"https:\/\/linitiative.ca\/International\/wp-json\/wp\/v2\/media?parent=70915"}],"wp:term":[{"taxonomy":"category","embeddable":true,"href":"https:\/\/linitiative.ca\/International\/wp-json\/wp\/v2\/categories?post=70915"},{"taxonomy":"post_tag","embeddable":true,"href":"https:\/\/linitiative.ca\/International\/wp-json\/wp\/v2\/tags?post=70915"}],"curies":[{"name":"wp","href":"https:\/\/api.w.org\/{rel}","templated":true}]}}